{"id":1521,"date":"2013-03-14T18:11:37","date_gmt":"2013-03-14T17:11:37","guid":{"rendered":"http:\/\/elforodegares.com\/?p=1521"},"modified":"2013-03-14T18:11:37","modified_gmt":"2013-03-14T17:11:37","slug":"cual-es-el-destino-de-dos-unidades-fantasma-del-centro-de-0-a-3-anos","status":"publish","type":"post","link":"https:\/\/elforodegares.com\/?p=1521","title":{"rendered":"\u00bfCUAL ES EL DESTINO DE DOS UNIDADES \u00abFANTASMA\u00bb DEL CENTRO DE 0 A 3 A\u00d1OS?"},"content":{"rendered":"<p>A mi me gustar\u00eda que alguien explique lo de las unidades del Centro de \u201c0 a 3 a\u00f1os\u201d, y lo digo por que el Gobierno de Navarra ayer adopto, entre otros, acuerdo de<\/p>\n<blockquote><p><i>Calificados como centros de primer ciclo de educaci\u00f3n infantil las escuelas municipales 0-3 de Allo, Anso\u00e1in, Aoiz, Caparroso, Puente la Reina y Ribaforada\u00a0<\/i><\/p>\n<p><i>En concreto, los centros \u2018Escuela Infantil de Allo\u2019, \u2018Segunda Generaci\u00f3n\u2019 de Caparroso, \u2018Txori\u2019 de Puente la Reina y \u2018San Francisco Javier\u2019 de Ribaforada han demostrado cumplir los\u00a0<a href=\"http:\/\/www.navarra.es\/home_es\/Actualidad\/Sala+de+prensa\/Noticias\/2007\/03\/26\/2603ed11.htm\">requisitos exigidos<\/a>\u00a0en el Decreto Foral 28\/2007. Se les autoriza 2, 4, 6 y 8 unidades, respectivamente.<\/i><\/p><\/blockquote>\n<p>Entiendo que, con el termino de \u201crespectivamente\u201d se califica el Centro de Puente con 6 unidades, pero sin embargo el contrato de gesti\u00f3n del mismo se efect\u00fao sobre <em>\u00ab&#8230; 8 unidades en jornada completa, para ni\u00f1os y ni\u00f1as de edades que est\u00e9n comprendidas entre 4 meses y tres a\u00f1os\u201d<\/em>, aunque, creo yo, que el Gobierno de Navarra s\u00f3lo \u00a0subvencionara las 6 que ha reconocido.<\/p>\n<p>Por otra parte, el propio Ayuntamiento en su aviso de pre-matriculaciones indica que el n\u00famero m\u00e1ximo de plazas es de 72, que curiosamente corresponden a 6 unidades, y yo me pregunto \u00bfpara que contra se ha contratado el servicio de las otras dos unidades?.<\/p>\n<p>No cuesta nada dar una explicaci\u00f3n a todo este asunto, o se trata de otra de las \u00a0\u201c<em>\u2026 acusaciones, difamaciones, las informaciones a medias, \u2026\u201d <\/em>con que algunas personas califican los comentarios de este Foro abierto.<\/p>\n","protected":false},"excerpt":{"rendered":"<p>A mi me gustar\u00eda que alguien explique lo de las unidades del Centro de \u201c0 a 3 a\u00f1os\u201d, y lo digo por que el Gobierno de Navarra ayer adopto, entre otros, acuerdo de Calificados como centros de primer ciclo de &hellip; <a href=\"https:\/\/elforodegares.com\/?p=1521\">Sigue leyendo <span class=\"meta-nav\">&rarr;<\/span><\/a><\/p>\n","protected":false},"author":1,"featured_media":0,"comment_status":"open","ping_status":"open","sticky":false,"template":"","format":"standard","meta":{"footnotes":""},"categories":[56],"tags":[],"class_list":["post-1521","post","type-post","status-publish","format-standard","hentry","category-centro-0-a-3-anos"],"_links":{"self":[{"href":"https:\/\/elforodegares.com\/index.php?rest_route=\/wp\/v2\/posts\/1521","targetHints":{"allow":["GET"]}}],"collection":[{"href":"https:\/\/elforodegares.com\/index.php?rest_route=\/wp\/v2\/posts"}],"about":[{"href":"https:\/\/elforodegares.com\/index.php?rest_route=\/wp\/v2\/types\/post"}],"author":[{"embeddable":true,"href":"https:\/\/elforodegares.com\/index.php?rest_route=\/wp\/v2\/users\/1"}],"replies":[{"embeddable":true,"href":"https:\/\/elforodegares.com\/index.php?rest_route=%2Fwp%2Fv2%2Fcomments&post=1521"}],"version-history":[{"count":1,"href":"https:\/\/elforodegares.com\/index.php?rest_route=\/wp\/v2\/posts\/1521\/revisions"}],"predecessor-version":[{"id":1522,"href":"https:\/\/elforodegares.com\/index.php?rest_route=\/wp\/v2\/posts\/1521\/revisions\/1522"}],"wp:attachment":[{"href":"https:\/\/elforodegares.com\/index.php?rest_route=%2Fwp%2Fv2%2Fmedia&parent=1521"}],"wp:term":[{"taxonomy":"category","embeddable":true,"href":"https:\/\/elforodegares.com\/index.php?rest_route=%2Fwp%2Fv2%2Fcategories&post=1521"},{"taxonomy":"post_tag","embeddable":true,"href":"https:\/\/elforodegares.com\/index.php?rest_route=%2Fwp%2Fv2%2Ftags&post=1521"}],"curies":[{"name":"wp","href":"https:\/\/api.w.org\/{rel}","templated":true}]}}