{"id":1567,"date":"2013-05-20T18:43:51","date_gmt":"2013-05-20T17:43:51","guid":{"rendered":"http:\/\/elforodegares.com\/?p=1567"},"modified":"2013-05-20T18:44:25","modified_gmt":"2013-05-20T17:44:25","slug":"epifania-aracama-cuando-la-vara-de-medir-no-es-igual-para-todos","status":"publish","type":"post","link":"https:\/\/elforodegares.com\/?p=1567","title":{"rendered":"EPIFAN\u00cdA ARACAMA: \u00a1CUANDO LA VARA DE MEDIR NO ES IGUAL PARA TODOS!"},"content":{"rendered":"<p>El Bolet\u00edn Oficial de Navarra publica hoy (20\/05\/2013) la Resoluci\u00f3n de la Directora del Servicio de Recursos Humanos del Departamento de Educaci\u00f3n, por la que en ejecuci\u00f3n de la Sentencia 139\/2012 del Juzgado Contencioso-Administrativo n\u00famero Tres de Pamplona, por la que se confirma la Sentencia 103\/2013, retrotrayendo las actuaciones de selecci\u00f3n de la Directora del Colegio P\u00fablico de Puente la Reina, por un Recurso interpuesto por D\u00aa Epifan\u00eda Aracama (hermana de nuestro Alcalde [Agrupaci\u00f3n Puentesina], por si alguien no se ha dado cuenta) se retrotraen las actuaciones de la convocatoria para la selecci\u00f3n de directora del Colegio P\u00fablico de Puente la Reina), por lo que parece que fue una autentica ilegalidad cometida por el Comisi\u00f3n de selecci\u00f3n, presidida por la, entonces, \u00a0representante del Ayuntamiento (miembro tambi\u00e9n, \u00a1f\u00edjate que casualidad!, de Agrupaci\u00f3n Puentesina), por la que se declar\u00f3 \u201cno apta\u201d a D\u00aa Epifan\u00eda Aracama.<\/p>\n<p>No nos cabe si no felicitar a D\u00aa Epifan\u00eda Aracama por el resultado del Recurso; si bien nos preguntamos \u00bfQu\u00e9 pasa con el profesorado de M\u00fasica, <strong>elegido y nombrado por ella<\/strong>, y sobre el que existe, desde hace a\u00f1os, un requerimiento de Administraci\u00f3n Local para que se resuelvan sus contratos?, \u00bfno cree el Ayuntamiento que ha llegado la hora de cumplir la Orden Foral en ese sentido?, \u00bfno se trata de casos muy similares?, etc\u2026..<\/p>\n<p><strong>Por favor quien pueda responder, \u00a1que responda!<\/strong><\/p>\n","protected":false},"excerpt":{"rendered":"<p>El Bolet\u00edn Oficial de Navarra publica hoy (20\/05\/2013) la Resoluci\u00f3n de la Directora del Servicio de Recursos Humanos del Departamento de Educaci\u00f3n, por la que en ejecuci\u00f3n de la Sentencia 139\/2012 del Juzgado Contencioso-Administrativo n\u00famero Tres de Pamplona, por la &hellip; <a href=\"https:\/\/elforodegares.com\/?p=1567\">Sigue leyendo <span class=\"meta-nav\">&rarr;<\/span><\/a><\/p>\n","protected":false},"author":1,"featured_media":0,"comment_status":"open","ping_status":"open","sticky":false,"template":"","format":"standard","meta":{"footnotes":""},"categories":[48,35],"tags":[],"class_list":["post-1567","post","type-post","status-publish","format-standard","hentry","category-bildu","category-colegio-comarcal"],"_links":{"self":[{"href":"https:\/\/elforodegares.com\/index.php?rest_route=\/wp\/v2\/posts\/1567","targetHints":{"allow":["GET"]}}],"collection":[{"href":"https:\/\/elforodegares.com\/index.php?rest_route=\/wp\/v2\/posts"}],"about":[{"href":"https:\/\/elforodegares.com\/index.php?rest_route=\/wp\/v2\/types\/post"}],"author":[{"embeddable":true,"href":"https:\/\/elforodegares.com\/index.php?rest_route=\/wp\/v2\/users\/1"}],"replies":[{"embeddable":true,"href":"https:\/\/elforodegares.com\/index.php?rest_route=%2Fwp%2Fv2%2Fcomments&post=1567"}],"version-history":[{"count":2,"href":"https:\/\/elforodegares.com\/index.php?rest_route=\/wp\/v2\/posts\/1567\/revisions"}],"predecessor-version":[{"id":1569,"href":"https:\/\/elforodegares.com\/index.php?rest_route=\/wp\/v2\/posts\/1567\/revisions\/1569"}],"wp:attachment":[{"href":"https:\/\/elforodegares.com\/index.php?rest_route=%2Fwp%2Fv2%2Fmedia&parent=1567"}],"wp:term":[{"taxonomy":"category","embeddable":true,"href":"https:\/\/elforodegares.com\/index.php?rest_route=%2Fwp%2Fv2%2Fcategories&post=1567"},{"taxonomy":"post_tag","embeddable":true,"href":"https:\/\/elforodegares.com\/index.php?rest_route=%2Fwp%2Fv2%2Ftags&post=1567"}],"curies":[{"name":"wp","href":"https:\/\/api.w.org\/{rel}","templated":true}]}}