{"id":1755,"date":"2013-12-06T20:01:52","date_gmt":"2013-12-06T19:01:52","guid":{"rendered":"http:\/\/elforodegares.com\/?p=1755"},"modified":"2013-12-06T20:02:34","modified_gmt":"2013-12-06T19:02:34","slug":"y-que-nadie-tenga-la-valentia-de-decir-que-pasa-con-el-patronato-del-suelo-y-la-sociedad-municipal","status":"publish","type":"post","link":"https:\/\/elforodegares.com\/?p=1755","title":{"rendered":"Y QUE NADIE TENGA LA VALENT\u00cdA DE DECIR QUE PASA CON EL PATRONATO DEL SUELO Y LA SOCIEDAD MUNICIPAL"},"content":{"rendered":"<p>Creo, sinceramente, que ya va siendo hora de que alguien del Ayuntamiento (\u00a1alguien que se aclare y diga verdades!) explique qu\u00e9 pasa con el \u201cPatronato del Suelo\u201d y con la \u201cSociedad Municipal\u201d, de esa forma dejare de preguntarme si es que se le minti\u00f3 a la \u201cC\u00e1mara de Comptos\u201d en este punto del Informe, o sus t\u00e9cnicos no se aclaran de que va la fiesta.<\/p>\n<p>Porque yo me digo, si desde el Ayuntamiento y sus asesores dijeron a la C\u00e1mara y al publico en general que estaba acordada la extinci\u00f3n tanto del Patronato como de la Sociedad Municipal de Servicios, y ello conforme a acuerdo adoptado por el Pleno el d\u00eda 20 de noviembre de 2.009 (Acuerdo, por cierto, que nop se refiere a las dos entidades), como es que, CUATRO A\u00d1OS m\u00e1s tarde:<\/p>\n<ul>\n<li>Se aprueben el d\u00eda 7 de Junio de 2.013 los Presupuestos del Patronato para este a\u00f1o, y ello despu\u00e9s de se\u00f1alar el a\u00f1o anterior al Tribunal Administrativo que si no se hac\u00edan presupuestos anuales para el Patronato era porque estaba disuelto. Esto ya se denuncio en este Foro el d\u00eda 8 de Julio, sin que se haya hecho nada desde entonces (<a href=\"http:\/\/elforodegares.com\/?p=1660\">http:\/\/elforodegares.com\/?p=1660<\/a>).<\/li>\n<li>Y lo que es much\u00edsimo m\u00e1s grave, la Sociedad Municipal sigue totalmente vigente, si \u00a1sin clausura alguna!, pero eso s\u00ed incumpliendo todos los requisitos legales, por que siguen sin depositarse las cuentas anuales en el Registro Mercantil, siendo las \u00faltimas presentadas las correspondientes al a\u00f1o 2.007 (\u00a1si, como suena, de hace seis a\u00f1os!). Situaci\u00f3n que tambien se denunci\u00f3 (28\/12\/2012) en este Foro sin soluci\u00f3n alguna\u00a0<a href=\"http:\/\/elforodegares.com\/?p=1427\">http:\/\/elforodegares.com\/?p=1427<\/a><\/li>\n<\/ul>\n<p>Creo que alguien deber\u00eda explicar que tan irresponsable actuaci\u00f3n incumplidora ha originado que el Registrador Mercantil haya decretado el \u201cCierre de hoja por falta de dep\u00f3sito de cuentas\u201d lo que impide que se inscriban documentos mientras no se solucione\u00a0tal incumplimiento y con la posibilidad de imposici\u00f3n de sanciones econ\u00f3micas (entre 1.200 \u20ac y 60.000 \u20ac) por cada uno de los a\u00f1os incumplidos.<\/p>\n<p>Y lo que no deja de ser una sorpresa es que tal cierre se ha producido con los siguientes miembros del Consejo de Administraci\u00f3n y que, por tanto, pueden resultar responsables, al menos, hasta que no se inscriba el cambio: Presidente, Feliciano Velez Medrano; Consejeros: Joseba Mikel Arregui P\u00e9rez, Jes\u00fas M\u00aa Latienda Zabala, Jose Javier Lacunza Fernandez, Javier Velez Medrano y Jes\u00fas Miguel Andion Esparza; Secretario No Consejero Marta Segura Belio .<\/p>\n<p>Cuesta creer que quienes en otros tiempos impidieron la inscripci\u00f3n de la primera Sociedad en base a presuntos incumplimiento legales, participen en esta situaci\u00f3n tan irregular, aunque ahora si que se le pueden derivar consecuencias.<\/p>\n<p><a href=\"http:\/\/elforodegares.com\/wp-content\/uploads\/2013\/12\/Certificaci\u00f3n-Reg-Mercantil-12.11.2013-Sin-pag-1.pdf\">AQUI PUEDES ACCEDER A LA CERTIFICACION DEL REGISTRO MERCANTIL A 12.11.2013\u00a0<\/a><\/p>\n<p>&nbsp;<\/p>\n","protected":false},"excerpt":{"rendered":"<p>Creo, sinceramente, que ya va siendo hora de que alguien del Ayuntamiento (\u00a1alguien que se aclare y diga verdades!) explique qu\u00e9 pasa con el \u201cPatronato del Suelo\u201d y con la \u201cSociedad Municipal\u201d, de esa forma dejare de preguntarme si es &hellip; <a href=\"https:\/\/elforodegares.com\/?p=1755\">Sigue leyendo <span class=\"meta-nav\">&rarr;<\/span><\/a><\/p>\n","protected":false},"author":1,"featured_media":0,"comment_status":"open","ping_status":"open","sticky":false,"template":"","format":"standard","meta":{"footnotes":""},"categories":[52,60],"tags":[],"class_list":["post-1755","post","type-post","status-publish","format-standard","hentry","category-camara-de-comptos","category-funcionamiento-municipal"],"_links":{"self":[{"href":"https:\/\/elforodegares.com\/index.php?rest_route=\/wp\/v2\/posts\/1755","targetHints":{"allow":["GET"]}}],"collection":[{"href":"https:\/\/elforodegares.com\/index.php?rest_route=\/wp\/v2\/posts"}],"about":[{"href":"https:\/\/elforodegares.com\/index.php?rest_route=\/wp\/v2\/types\/post"}],"author":[{"embeddable":true,"href":"https:\/\/elforodegares.com\/index.php?rest_route=\/wp\/v2\/users\/1"}],"replies":[{"embeddable":true,"href":"https:\/\/elforodegares.com\/index.php?rest_route=%2Fwp%2Fv2%2Fcomments&post=1755"}],"version-history":[{"count":2,"href":"https:\/\/elforodegares.com\/index.php?rest_route=\/wp\/v2\/posts\/1755\/revisions"}],"predecessor-version":[{"id":1758,"href":"https:\/\/elforodegares.com\/index.php?rest_route=\/wp\/v2\/posts\/1755\/revisions\/1758"}],"wp:attachment":[{"href":"https:\/\/elforodegares.com\/index.php?rest_route=%2Fwp%2Fv2%2Fmedia&parent=1755"}],"wp:term":[{"taxonomy":"category","embeddable":true,"href":"https:\/\/elforodegares.com\/index.php?rest_route=%2Fwp%2Fv2%2Fcategories&post=1755"},{"taxonomy":"post_tag","embeddable":true,"href":"https:\/\/elforodegares.com\/index.php?rest_route=%2Fwp%2Fv2%2Ftags&post=1755"}],"curies":[{"name":"wp","href":"https:\/\/api.w.org\/{rel}","templated":true}]}}