{"id":1774,"date":"2014-01-10T19:06:17","date_gmt":"2014-01-10T18:06:17","guid":{"rendered":"http:\/\/elforodegares.com\/?p=1774"},"modified":"2014-01-10T19:08:59","modified_gmt":"2014-01-10T18:08:59","slug":"cuanto-debemos-aprender-de-obanos-en-cuanto-a-los-servicios-a-los-ciudadanos","status":"publish","type":"post","link":"https:\/\/elforodegares.com\/?p=1774","title":{"rendered":"CUANTO DEBEMOS APRENDER DE OBANOS EN CUANTO A LOS SERVICIOS A LOS CIUDADANOS"},"content":{"rendered":"<p><span style=\"font-size: 13px; line-height: 19px;\">En el Bolet\u00edn Oficial de Navarra de hoy, 10 de enero de 2014, se publica el siguiente Anuncio:<\/span><\/p>\n<p><i>OBANOS<\/i><br \/>\n<i>\u00a0Adhesi\u00f3n a convenio con Administraci\u00f3n del Estado<\/i><br \/>\n<i>En sesi\u00f3n plenaria ordinaria, celebrada con fecha 25 de octubre de 2013, por el Ayuntamiento de Obanos, se acord\u00f3, por unanimidad, adherirse al Convenio Marco, firmado con fecha 15 de diciembre de 2010, suscrito entre la Administraci\u00f3n General del Estado y la Comunidad Foral de Navarra, publicado en el Bolet\u00edn Oficial del \u00a0Estado n\u00famero 44, de fecha 21 de febrero de 2011 y en el Bolet\u00edn Oficial de Navarra n\u00famero 54, de 18 de marzo de 2011, para la implantaci\u00f3n de un modelo integrado de \u00a0Atenci\u00f3n al Ciudadano en el \u00e1mbito territorial de Navarra.<\/i><br \/>\n<i><\/i><\/p>\n<p>Est\u00e1 claro el importante paso que este Ayuntamiento ha dado en aras de dotar a sus vecinos de unos servicios administrativos \u00e1giles y transparentes, (que van bastante m\u00e1s all\u00e1 de poder presentar en su registro cualquier documento dirigido al Gobierno de Navarra y\/o al Gobierno Central) \u00a1qu\u00e9 lejos quedan los t\u00edmido, ineficaces e in\u00fatiles pasos dados por Puente en orden a la verdadera administraci\u00f3n electr\u00f3nica y en la prestaci\u00f3n de servicios a los puentesinos!<\/p>\n<p style=\"text-align: right;\">Javier S\u00e1nchez-Ostiz<br \/>\nEx-Secretario de Puente la Reina<br \/>\nAdministrador del \u201cForo de Gares\u201d<\/p>\n","protected":false},"excerpt":{"rendered":"<p>En el Bolet\u00edn Oficial de Navarra de hoy, 10 de enero de 2014, se publica el siguiente Anuncio: OBANOS \u00a0Adhesi\u00f3n a convenio con Administraci\u00f3n del Estado En sesi\u00f3n plenaria ordinaria, celebrada con fecha 25 de octubre de 2013, por el &hellip; <a href=\"https:\/\/elforodegares.com\/?p=1774\">Sigue leyendo <span class=\"meta-nav\">&rarr;<\/span><\/a><\/p>\n","protected":false},"author":1,"featured_media":0,"comment_status":"open","ping_status":"open","sticky":false,"template":"","format":"standard","meta":{"footnotes":""},"categories":[60],"tags":[],"class_list":["post-1774","post","type-post","status-publish","format-standard","hentry","category-funcionamiento-municipal"],"_links":{"self":[{"href":"https:\/\/elforodegares.com\/index.php?rest_route=\/wp\/v2\/posts\/1774","targetHints":{"allow":["GET"]}}],"collection":[{"href":"https:\/\/elforodegares.com\/index.php?rest_route=\/wp\/v2\/posts"}],"about":[{"href":"https:\/\/elforodegares.com\/index.php?rest_route=\/wp\/v2\/types\/post"}],"author":[{"embeddable":true,"href":"https:\/\/elforodegares.com\/index.php?rest_route=\/wp\/v2\/users\/1"}],"replies":[{"embeddable":true,"href":"https:\/\/elforodegares.com\/index.php?rest_route=%2Fwp%2Fv2%2Fcomments&post=1774"}],"version-history":[{"count":3,"href":"https:\/\/elforodegares.com\/index.php?rest_route=\/wp\/v2\/posts\/1774\/revisions"}],"predecessor-version":[{"id":1777,"href":"https:\/\/elforodegares.com\/index.php?rest_route=\/wp\/v2\/posts\/1774\/revisions\/1777"}],"wp:attachment":[{"href":"https:\/\/elforodegares.com\/index.php?rest_route=%2Fwp%2Fv2%2Fmedia&parent=1774"}],"wp:term":[{"taxonomy":"category","embeddable":true,"href":"https:\/\/elforodegares.com\/index.php?rest_route=%2Fwp%2Fv2%2Fcategories&post=1774"},{"taxonomy":"post_tag","embeddable":true,"href":"https:\/\/elforodegares.com\/index.php?rest_route=%2Fwp%2Fv2%2Ftags&post=1774"}],"curies":[{"name":"wp","href":"https:\/\/api.w.org\/{rel}","templated":true}]}}