{"id":1809,"date":"2014-01-24T10:34:47","date_gmt":"2014-01-24T09:34:47","guid":{"rendered":"http:\/\/elforodegares.com\/?p=1809"},"modified":"2014-01-24T14:04:46","modified_gmt":"2014-01-24T13:04:46","slug":"dos-noticias-cuya-coincidencia-temporal-nos-hacen-pensar-sobre-las-verdaderas-preocupaciones-de-nuestra-administracion-foral","status":"publish","type":"post","link":"https:\/\/elforodegares.com\/?p=1809","title":{"rendered":"DOS NOTICIAS CUYA COINCIDENCIA TEMPORAL NOS HACEN PENSAR SOBRE LAS VERDADERAS PREOCUPACIONES DE NUESTRA ADMINISTRACI\u00d3N FORAL"},"content":{"rendered":"<p>En la Prensa de estos \u00faltimos d\u00edas han coincidido dos noticias cuya simultaneidad deber\u00edan hacernos pensar ante que forma de gestionar los servicios y recursos p\u00fablicos nos encontramos.<\/p>\n<p>Por un lado nuestro Gobierno Auton\u00f3mico nos anunciaba (Eso si con grandes titulares y en primera p\u00e1gina) nuevos recortes con el desmantelamiento casi total del sistema de \u201cfundaciones p\u00fablicas\u201d, pas\u00e1ndolas de 12 a 4, lo que, prescindiendo de personal (incluidos 7 gerentes), generaba un ahorro de 1,16 millones de euros.\u00a0Pero como bien se dec\u00eda en NC : <em>\u201cY, perdonen que no seamos exhaustivos, \u00bfpero no ser\u00eda todav\u00eda mucho mejor noticia el cierre o la paralizaci\u00f3n del Circuito de Los Arcos, de Sendaviva, del centro de esqu\u00ed n\u00f3rdico de El Roncal, del Navarra Arena, del AVE, de la Ciudad Agroalimentaria de Tudela o del Centro Multifuncional de Lekaroz?\u201d<\/em>.<\/p>\n<p>La segunda noticia (Esta parece que no merec\u00eda la primera p\u00e1gina, \u00bfsera por verg\u00fcenza?) coincidente en el tiempo con tal ahorro de gasto p\u00fablico, era y es la del inminente <strong>\u201c<span style=\"text-decoration: underline;\">\u2026. desahucio de una mujer, madre de un ni\u00f1o con s\u00edndrome de Down, en el barrio de Ezcaba<\/span>\u201d<\/strong>; mujer que cobra una renta b\u00e1sica de 615 euros y paga un alquiler de 470.<\/p>\n<p>Estos son los casos en los que si que, al menos para m\u00ed, est\u00e1 totalmente justificada la intervenci\u00f3n p\u00fablica, \u00bfpara qu\u00e9 est\u00e1 nuestra administraci\u00f3n si no para prestar y garantizar los m\u00e1s elementales derechos de sus ciudadanos?, \u00bfD\u00f3nde est\u00e1 el apoyo a las personas con mayor vulnerabilidad?, \u00bfdonde el apoyo a las madres decididas a seguir con un embarazo problem\u00e1tico?, \u2026.<\/p>\n<p>\u00a1D\u00e9monos cuenta que con el ahorro conseguido por la supresi\u00f3n de esas fundaciones podemos pagar el alquiler anual de 200 familias en la misma problem\u00e1tica de esta mujer!,<\/p>\n<p>\u00a1Vale ya de falsas menciones al estado del bienestar!, \u00a1de falsas preocupaciones por los navarros!, \u00a1de falsas promesas electorales!, \u2026.<\/p>\n<p>En definitiva creo que nuestros pol\u00edticos (\u00a1Todos\u00a0 sin exclusi\u00f3n alguna!, y da igual al Partido a que pertenezcan) deber\u00edan recordar que son bastantes m\u00e1s los votos de los descontentos con todos ellos, que los pocos miembros de Consejos de Administraci\u00f3n de entidades bancarias \u201crescatadas\u201d y\/o de Sociedades P\u00fablicas, y que queda poco m\u00e1s de un a\u00f1o para que nos veamos las caras en tanto m\u00edtines electorales en los que volver\u00e1n a \u201cregalarnos\u201d los o\u00eddos con tantas promesas tan reiteradas como incumplidas.<\/p>\n<p style=\"text-align: center;\"><img loading=\"lazy\" decoding=\"async\" class=\"aligncenter\" title=\"MOMENTO DEL DESALOJO Y \u00bfDONDE ESTAN LOS ANTIDESHAUCIOS?\" alt=\"Imagen del momento del desahucio\" src=\"http:\/\/static01.diariodenavarra.es\/uploads\/imagenes\/3col\/2014\/01\/23\/_ansoain_231b4f78.jpg?bed7d1eda70ce925c9d1545a76b41f9c\" width=\"224\" height=\"144\" \/><\/p>\n<p>&nbsp;<\/p>\n<p style=\"text-align: center;\"><strong>MOMENTO DEL DESALOJO, Y ME PREGUNTO<\/strong><\/p>\n<p style=\"text-align: center;\"><strong>\u00bfDONDE ESTAN LOS ANTIDESHAUCIOS?<\/strong><\/p>\n","protected":false},"excerpt":{"rendered":"<p>En la Prensa de estos \u00faltimos d\u00edas han coincidido dos noticias cuya simultaneidad deber\u00edan hacernos pensar ante que forma de gestionar los servicios y recursos p\u00fablicos nos encontramos. Por un lado nuestro Gobierno Auton\u00f3mico nos anunciaba (Eso si con grandes &hellip; <a href=\"https:\/\/elforodegares.com\/?p=1809\">Sigue leyendo <span class=\"meta-nav\">&rarr;<\/span><\/a><\/p>\n","protected":false},"author":1,"featured_media":0,"comment_status":"open","ping_status":"open","sticky":false,"template":"","format":"standard","meta":{"footnotes":""},"categories":[43],"tags":[],"class_list":["post-1809","post","type-post","status-publish","format-standard","hentry","category-navarra"],"_links":{"self":[{"href":"https:\/\/elforodegares.com\/index.php?rest_route=\/wp\/v2\/posts\/1809","targetHints":{"allow":["GET"]}}],"collection":[{"href":"https:\/\/elforodegares.com\/index.php?rest_route=\/wp\/v2\/posts"}],"about":[{"href":"https:\/\/elforodegares.com\/index.php?rest_route=\/wp\/v2\/types\/post"}],"author":[{"embeddable":true,"href":"https:\/\/elforodegares.com\/index.php?rest_route=\/wp\/v2\/users\/1"}],"replies":[{"embeddable":true,"href":"https:\/\/elforodegares.com\/index.php?rest_route=%2Fwp%2Fv2%2Fcomments&post=1809"}],"version-history":[{"count":5,"href":"https:\/\/elforodegares.com\/index.php?rest_route=\/wp\/v2\/posts\/1809\/revisions"}],"predecessor-version":[{"id":1814,"href":"https:\/\/elforodegares.com\/index.php?rest_route=\/wp\/v2\/posts\/1809\/revisions\/1814"}],"wp:attachment":[{"href":"https:\/\/elforodegares.com\/index.php?rest_route=%2Fwp%2Fv2%2Fmedia&parent=1809"}],"wp:term":[{"taxonomy":"category","embeddable":true,"href":"https:\/\/elforodegares.com\/index.php?rest_route=%2Fwp%2Fv2%2Fcategories&post=1809"},{"taxonomy":"post_tag","embeddable":true,"href":"https:\/\/elforodegares.com\/index.php?rest_route=%2Fwp%2Fv2%2Ftags&post=1809"}],"curies":[{"name":"wp","href":"https:\/\/api.w.org\/{rel}","templated":true}]}}