{"id":187,"date":"2011-03-17T19:06:44","date_gmt":"2011-03-17T18:06:44","guid":{"rendered":"http:\/\/elforodegares.com\/?p=187"},"modified":"2011-03-17T19:19:29","modified_gmt":"2011-03-17T18:19:29","slug":"actuaciones-en-rio-robo-arga-y-regata-gomacin","status":"publish","type":"post","link":"https:\/\/elforodegares.com\/?p=187","title":{"rendered":"ACTUACIONES EN RIO ROBO, ARGA Y REGATA GOMACIN"},"content":{"rendered":"<p><a href=\"http:\/\/elforodegares.com\/wp-content\/uploads\/2011\/03\/Puente-Romanico.jpg\"><img loading=\"lazy\" decoding=\"async\" class=\"alignleft size-full wp-image-188\" title=\"\u00a1ya va siendo hora que cambien la imagen [Casa del V\u00ednculo])\u00a1\" src=\"http:\/\/elforodegares.com\/wp-content\/uploads\/2011\/03\/Puente-Romanico.jpg\" alt=\"\" width=\"246\" height=\"176\" \/><\/a><\/p>\n<p>&nbsp;<\/p>\n<p><em>\u00a1Ya va siendo hora que cambien la foto de la Casa del Vinculo!, \u00a1 es que cansan!<\/em><\/p>\n<p><strong>Hoy leemos en el Boplet\u00edn de Noticias del Gobierno de Navarra la siguiente rese\u00f1a bajo el t\u00edtulo<\/strong><\/p>\n<p>&nbsp;<\/p>\n<p>&nbsp;<\/p>\n<p><strong><em>Navarra impulsa experiencias locales de gesti\u00f3n de los r\u00edos en el marco de un proyecto europeo<\/em><\/strong><\/p>\n<p><strong><em> <\/em><\/strong><em><strong>En estos municipios, se han plateado tambi\u00e9n f\u00f3rmulas de restauraci\u00f3n de los espacios fluviales y su recuperaci\u00f3n para usos recreativos. Los espacios que han sido objeto de intervenci\u00f3n corresponden a los r\u00edos, &#8230;.. Arga, Robo y Regata Gomac\u00edn (Puente la Reina). Las acciones han estado acompa\u00f1adas de procesos de participaci\u00f3n, informaci\u00f3n y sensibilizaci\u00f3n y han culminado con una jornada en cada localidad, en la que las entidades implicadas en la gesti\u00f3n del agua (el ayuntamiento, el servicio del Agua del Gobierno de Navarra y, en su caso, consorcios y mancomunidades) han trasladado a la poblaci\u00f3n las medidas que pueden llevar a cabo, despu\u00e9s de tomar en consideraci\u00f3n las propuestas y sugerencias de la ciudadan\u00eda.<\/strong><\/em><\/p>\n<p><em><strong> <\/strong><\/em>Ahora no nos queda si no saber cuales son las acciones concretas que se vayan a realizar y se\u00f1alan que ya estan en marcha, no vayan a ser la recuperaci\u00f3n de la Regata de Gomac\u00edn en base a un proyecto que, redactado por el Ayuntamiento y subvencionado al 100% por el Gobierno de Navarra, fue paralizado y penalizado por el Guarda de la Confederaci\u00f3n\u00a0Hidrogr\u00e1fica\u00a0del Ebro con la aquiescencia de los miembros de la Corporaci\u00f3n de los Grupos \u00abAgupaci\u00f3n Puentesina\u00bb y \u00abProyecto Arrieta\u00bb ( no se contaba con ANV que si no tambien),\u00a0qued\u00e1ndose Puente, no s\u00f3lo sin realizar el Proyecto si no con la correspondiente sanci\u00f3n (por cierto no s\u00f3lo para el Ayuntamiento, si no\u00a0tambi\u00e9n\u00a0para el Contratista) y se sabe por qu\u00e9 de la sanci\u00f3n, pues es muy simple<\/p>\n<p><strong>\u00a1\u00a0despu\u00e9s\u00a0de que la Confederaci\u00f3n tardase mas de 2 a\u00f1os en dar la autorizaci\u00f3n, las obras comenzaron un d\u00eda\u00a0despu\u00e9s\u00a0de la fecha de la misma autorizaci\u00f3n!<\/strong> y pensar la cantidad de silencios, cuando no criticas a la Alcald\u00eda, que hubo en el Ayuntamiento.<\/p>\n","protected":false},"excerpt":{"rendered":"<p>&nbsp; \u00a1Ya va siendo hora que cambien la foto de la Casa del Vinculo!, \u00a1 es que cansan! Hoy leemos en el Boplet\u00edn de Noticias del Gobierno de Navarra la siguiente rese\u00f1a bajo el t\u00edtulo &nbsp; &nbsp; Navarra impulsa experiencias &hellip; <a href=\"https:\/\/elforodegares.com\/?p=187\">Sigue leyendo <span class=\"meta-nav\">&rarr;<\/span><\/a><\/p>\n","protected":false},"author":1,"featured_media":0,"comment_status":"open","ping_status":"open","sticky":false,"template":"","format":"standard","meta":{"footnotes":""},"categories":[1],"tags":[],"class_list":["post-187","post","type-post","status-publish","format-standard","hentry","category-forestal"],"_links":{"self":[{"href":"https:\/\/elforodegares.com\/index.php?rest_route=\/wp\/v2\/posts\/187","targetHints":{"allow":["GET"]}}],"collection":[{"href":"https:\/\/elforodegares.com\/index.php?rest_route=\/wp\/v2\/posts"}],"about":[{"href":"https:\/\/elforodegares.com\/index.php?rest_route=\/wp\/v2\/types\/post"}],"author":[{"embeddable":true,"href":"https:\/\/elforodegares.com\/index.php?rest_route=\/wp\/v2\/users\/1"}],"replies":[{"embeddable":true,"href":"https:\/\/elforodegares.com\/index.php?rest_route=%2Fwp%2Fv2%2Fcomments&post=187"}],"version-history":[{"count":13,"href":"https:\/\/elforodegares.com\/index.php?rest_route=\/wp\/v2\/posts\/187\/revisions"}],"predecessor-version":[{"id":201,"href":"https:\/\/elforodegares.com\/index.php?rest_route=\/wp\/v2\/posts\/187\/revisions\/201"}],"wp:attachment":[{"href":"https:\/\/elforodegares.com\/index.php?rest_route=%2Fwp%2Fv2%2Fmedia&parent=187"}],"wp:term":[{"taxonomy":"category","embeddable":true,"href":"https:\/\/elforodegares.com\/index.php?rest_route=%2Fwp%2Fv2%2Fcategories&post=187"},{"taxonomy":"post_tag","embeddable":true,"href":"https:\/\/elforodegares.com\/index.php?rest_route=%2Fwp%2Fv2%2Ftags&post=187"}],"curies":[{"name":"wp","href":"https:\/\/api.w.org\/{rel}","templated":true}]}}