{"id":1921,"date":"2014-04-13T17:30:50","date_gmt":"2014-04-13T16:30:50","guid":{"rendered":"http:\/\/elforodegares.com\/?p=1921"},"modified":"2014-04-13T19:00:45","modified_gmt":"2014-04-13T18:00:45","slug":"fidel-aracama-cuando-tendras-un-rasgo-de-honradez-politica-y-daras-las-explicaciones-debidas","status":"publish","type":"post","link":"https:\/\/elforodegares.com\/?p=1921","title":{"rendered":"FIDEL ARACAMA \u00bfCUANDO TENDRAS UN RASGO DE HONRADEZ POL\u00cdTICA Y DAR\u00c1S LAS EXPLICACIONES DEBIDAS?"},"content":{"rendered":"<p style=\"text-align: justify;\">Mira Fidel, creo que, despu\u00e9s de tres a\u00f1os y cuando s\u00f3lo falta ya uno solo para las Elecciones Municipales, ya es hora de que puedas explicar a todo Puente la Reina, y m\u00e1xime a tus votantes, una de las actuaciones que, al menos para m\u00ed, no puede calificarse, si no tengo mas datos, de una autentica verg\u00fcenza y \u201cfraude electoral\u201d.<\/p>\n<p>Me refiero a lo publicado el d\u00eda 13 de diciembre de 2.011 en la p\u00e1gina Web de \u201cGaresko Auzalan\u201d en lo que manifestabas:<\/p>\n<blockquote><p><b><i><span style=\"text-decoration: underline;\">Fidel Arakama<\/span>: Aclarando apoyos.<\/i><\/b><\/p>\n<p style=\"text-align: justify;\"><i>El pasado domingo d\u00eda 13 se public\u00f3 \u2026.. un manifiesto de apoyo a GEROA BAI para las pr\u00f3ximas elecciones del 20N. Al parecer mi nombre aparec\u00eda en la lista de cargos electos de otras formaciones, \u2026\u2026.<\/i><\/p>\n<p style=\"text-align: justify;\"><i>Un amigo de A.Puentesina me coment\u00f3 por tel\u00e9fono si le autorizaba a poner mi nombre en esa lista de cargos electos en apoyo de GEROA BAI y le dije que si, matiz\u00e1ndole que <span style=\"text-decoration: underline;\"><b>sigo siendo afiliado de Eusko Alkartasuna<\/b><\/span> y que mi opci\u00f3n en estas elecciones es AMAIUR. \u2026\u2026..<\/i><\/p>\n<p style=\"text-align: justify;\"><i>Fidel Arakama\u00a0 (<\/i><i>Alcalde de Puente la Reina-Gares por Agrupaci\u00f2n Puentesina<\/i><i>)<\/i><\/p>\n<\/blockquote>\n<p style=\"text-align: justify;\">\u00a0Y teniendo en cuenta que la coalici\u00f3n <span style=\"text-decoration: underline;\">Bildu, esta conformada por<\/span> los partidos pol\u00edticos <span style=\"text-decoration: underline;\">Eusko Alkartasuna<\/span> y Alternatiba (adem\u00e1s de las agrupaciones Herritarron Garaia y Araba Bai, y otros independientes abertzales y de izquierda) es claro que dada la militancia confesada por Fidel es miembro integrante de la coalici\u00f3n Bildu, y ante ello yo me pregunto:<\/p>\n<ul style=\"text-align: justify;\">\n<li>\u00bfC\u00f3mo es que ostentaba la cabeza de lista de otra coalici\u00f3n\/agrupaci\u00f3n diferente (\u201cAgrupaci\u00f3n Puentesina\u201d) present\u00e1ndose ambas en el mismo Municipio?.<\/li>\n<li>\u00bfQu\u00e9 sentido tuvo y tiene el pacto (por cierto reiteradamente incumplido por el bueno de Fidel: Comisi\u00f3n de Cultura p. ej.), \u00a0para alcanzar la Alcald\u00eda suscrito por los representantes de Bildu y Fidel <strong>Aracama,<\/strong> cuando al final son militantes de la misma Agrupaci\u00f3n?,<\/li>\n<li>\u00bfEran extremos conocidos por los representantes de Bildu en el Ayuntamiento?, o bien \u00bfdebemos considerarles complices de tal \u201cfraude electoral\u201d?.<\/li>\n<li>\u00a0Si conforme al Art\u00edculo 14 b) de los Estatutos del Partido \u201cEusko Alkartasuna\u201d es un deber del simpatizante del Partido \u201dVotar las candidaturas del Partido\u201d \u00bfno cree el Sr. Aracama que esta obligaci\u00f3n recae, con mayor fuerza que en los simpatizantes, en los afiliados al Partido tal como es \u00e9l? .<\/li>\n<li>Si conforme al art\u00edculo 15 de los Estatutos del Partido \u201cEusko Alkartasuna\u201d se pierde la condici\u00f3n de miembro del mismo por incumplimiento de los deberes del art\u00edculo 14 (aplicables a los afiliados conforme a su art\u00edculo 18), \u00bfC\u00f3mo es que sigue ostentando, por un lado, la Alcald\u00eda por la \u201cAgrupaci\u00f3n Puentesina\u201d y, por otro, la cualidad de afiliado a Eusko Alkartasuna? .<\/li>\n<li>&#8211;\u00a0\u00a0\u00a0\u00a0\u00a0\u00a0 ..<\/li>\n<\/ul>\n<p style=\"text-align: justify;\">Demasiadas preguntas sin respuesta, muestra evidente de una actuaci\u00f3n, cuan menos, torticera hacia todo un pueblo, y que considero que debes aclarar cuanto antes para que puedas seguir ostentando la Alcald\u00eda con un m\u00ednimo de decencia.<\/p>\n","protected":false},"excerpt":{"rendered":"<p>Mira Fidel, creo que, despu\u00e9s de tres a\u00f1os y cuando s\u00f3lo falta ya uno solo para las Elecciones Municipales, ya es hora de que puedas explicar a todo Puente la Reina, y m\u00e1xime a tus votantes, una de las actuaciones &hellip; <a href=\"https:\/\/elforodegares.com\/?p=1921\">Sigue leyendo <span class=\"meta-nav\">&rarr;<\/span><\/a><\/p>\n","protected":false},"author":1,"featured_media":0,"comment_status":"open","ping_status":"open","sticky":false,"template":"","format":"standard","meta":{"footnotes":""},"categories":[37,48,49],"tags":[],"class_list":["post-1921","post","type-post","status-publish","format-standard","hentry","category-alcaldia","category-bildu","category-politica"],"_links":{"self":[{"href":"https:\/\/elforodegares.com\/index.php?rest_route=\/wp\/v2\/posts\/1921","targetHints":{"allow":["GET"]}}],"collection":[{"href":"https:\/\/elforodegares.com\/index.php?rest_route=\/wp\/v2\/posts"}],"about":[{"href":"https:\/\/elforodegares.com\/index.php?rest_route=\/wp\/v2\/types\/post"}],"author":[{"embeddable":true,"href":"https:\/\/elforodegares.com\/index.php?rest_route=\/wp\/v2\/users\/1"}],"replies":[{"embeddable":true,"href":"https:\/\/elforodegares.com\/index.php?rest_route=%2Fwp%2Fv2%2Fcomments&post=1921"}],"version-history":[{"count":6,"href":"https:\/\/elforodegares.com\/index.php?rest_route=\/wp\/v2\/posts\/1921\/revisions"}],"predecessor-version":[{"id":1927,"href":"https:\/\/elforodegares.com\/index.php?rest_route=\/wp\/v2\/posts\/1921\/revisions\/1927"}],"wp:attachment":[{"href":"https:\/\/elforodegares.com\/index.php?rest_route=%2Fwp%2Fv2%2Fmedia&parent=1921"}],"wp:term":[{"taxonomy":"category","embeddable":true,"href":"https:\/\/elforodegares.com\/index.php?rest_route=%2Fwp%2Fv2%2Fcategories&post=1921"},{"taxonomy":"post_tag","embeddable":true,"href":"https:\/\/elforodegares.com\/index.php?rest_route=%2Fwp%2Fv2%2Ftags&post=1921"}],"curies":[{"name":"wp","href":"https:\/\/api.w.org\/{rel}","templated":true}]}}