{"id":202,"date":"2011-03-20T10:37:40","date_gmt":"2011-03-20T09:37:40","guid":{"rendered":"http:\/\/elforodegares.com\/?p=202"},"modified":"2011-03-21T16:26:15","modified_gmt":"2011-03-21T15:26:15","slug":"las-obras-de-educacion-y-el-colegio-de-puente","status":"publish","type":"post","link":"https:\/\/elforodegares.com\/?p=202","title":{"rendered":"LAS OBRAS DE EDUCACI\u00d3N Y EL COLEGIO DE PUENTE"},"content":{"rendered":"<p>Hoy, 20 de marzo, se publica en el Diario de Navarra la siguiente Noticia, muy relacionada con la de \u00abINAUGURACI\u00d3N\u00a0EN EL COLEGIO COMARCAL\u00bb realizada el 16 de marzo pasado, y que, como \u00e9sta, no tiene desperdicio respecto a lo que, al parecer, va a calificarse de \u00abautentica chapuza\u00bb<\/p>\n<p><em><strong>Las obras de Educaci\u00f3n<\/strong><\/em><\/p>\n<p><em>La pasada semana el Consejero de Educaci\u00f3n -Alberto Catal\u00e1n &#8211; acudi\u00f3 al Colegio P\u00fablico de Puente la Reina para inaugurar sus nuevas instalaciones, que habr\u00e1n costado un \u00abpico\u00bb. Al lado de una entra\u00f1able foto pod\u00eda leerse entre otras cosas lo siguiente: \u00abSe han creado cuatro nuevas aulas ordinarias, una de psicomotricidad y otra de inform\u00e1tica, adem\u00e1s de otros espacios comunes,, como conserjer\u00eda, secretar\u00eda, despachos de logopeda y orientador, sala de profesores, almacenes y aseos (dos para alumnos, uno para profesores y otro que comunica con el patio)\u00bb.<\/em><\/p>\n<p><em>Pues bien, la realidad ha sido muy distinta a la que nos venden en los peri\u00f3dicos. (&#8230;) La sala de profesores ha sido convertida en aula ordinaria, en un ejercicio supino de falta de previsi\u00f3n e improvisaci\u00f3n, mientras la conserjer\u00eda se ha transmutado en sala de profesores, en base a reducir significativamente su tama\u00f1o, claro.<\/em><\/p>\n<p><em>La citada aula de inform\u00e1tica se ha transformado tambi\u00e9n en aula de educaci\u00f3n infantil. Ya en su d\u00eda denunciamos desde la Federaci\u00f3n de Ense\u00f1anza de CCOO las deficiencias de esta aula para su uso como aula de educaci\u00f3n infantil. Un aula que ha habido que adaptar apresuradamente, pero que contin\u00faa presentando m\u00faltiples deficiencias. Como carec\u00eda de ventanas hubo que improvisar a \u00faltima hora un punto de ventilaci\u00f3n imprescindible para cumplir con la normativa. No se esforzaron mucho, ya que esta \u00fanica ventana, alta y lejana (pues para abrirla y cerrarla hay que subirse a una silla) es s\u00f3lo abatible y, tan exigua, que apenas sirve para dar salida a los olores naturales que son habituales en un aula de educaci\u00f3n infantil.<\/em><\/p>\n<p><em>Pero nuestra perla es la alarma contra incendios, un bot\u00f3n situado estrat\u00e9gicamente a la altura de la nariz de los ni\u00f1os, que han mostrado un intenso y l\u00f3gico inter\u00e9s por este artefacto: ha habido ya un par de falsas alarmas. Por lo visto la noticia la hab\u00edan dejado escrita antes de ejecutarse las obras. (&#8230;)<\/em><\/p>\n<p><em>ITZIAR USANDIZAGA ZABALEGUI Asesora de Salud Laboral de la Federaci\u00f3n de Ense\u00f1anza de CCOO<\/em><\/p>\n<p><strong>\u00a1PERO ES QUE NADIE VA A REVISAR LOS PROYECTOS DE NUESTRO PUEBLO!<\/strong><\/p>\n<p>O ES QUE<\/p>\n<p><strong>\u00bfNOS LIMITAMOS A MANTENER UNA SONRISA ESTEREOTIPADA Y APROBATORIA EN LAS INAUGURACIONES?<\/strong><\/p>\n<p>&nbsp;<\/p>\n","protected":false},"excerpt":{"rendered":"<p>Hoy, 20 de marzo, se publica en el Diario de Navarra la siguiente Noticia, muy relacionada con la de \u00abINAUGURACI\u00d3N\u00a0EN EL COLEGIO COMARCAL\u00bb realizada el 16 de marzo pasado, y que, como \u00e9sta, no tiene desperdicio respecto a lo que, &hellip; <a href=\"https:\/\/elforodegares.com\/?p=202\">Sigue leyendo <span class=\"meta-nav\">&rarr;<\/span><\/a><\/p>\n","protected":false},"author":1,"featured_media":0,"comment_status":"open","ping_status":"open","sticky":false,"template":"","format":"standard","meta":{"footnotes":""},"categories":[1],"tags":[69,33],"class_list":["post-202","post","type-post","status-publish","format-standard","hentry","category-forestal","tag-colegio-comarcal","tag-obras-municipales"],"_links":{"self":[{"href":"https:\/\/elforodegares.com\/index.php?rest_route=\/wp\/v2\/posts\/202","targetHints":{"allow":["GET"]}}],"collection":[{"href":"https:\/\/elforodegares.com\/index.php?rest_route=\/wp\/v2\/posts"}],"about":[{"href":"https:\/\/elforodegares.com\/index.php?rest_route=\/wp\/v2\/types\/post"}],"author":[{"embeddable":true,"href":"https:\/\/elforodegares.com\/index.php?rest_route=\/wp\/v2\/users\/1"}],"replies":[{"embeddable":true,"href":"https:\/\/elforodegares.com\/index.php?rest_route=%2Fwp%2Fv2%2Fcomments&post=202"}],"version-history":[{"count":4,"href":"https:\/\/elforodegares.com\/index.php?rest_route=\/wp\/v2\/posts\/202\/revisions"}],"predecessor-version":[{"id":213,"href":"https:\/\/elforodegares.com\/index.php?rest_route=\/wp\/v2\/posts\/202\/revisions\/213"}],"wp:attachment":[{"href":"https:\/\/elforodegares.com\/index.php?rest_route=%2Fwp%2Fv2%2Fmedia&parent=202"}],"wp:term":[{"taxonomy":"category","embeddable":true,"href":"https:\/\/elforodegares.com\/index.php?rest_route=%2Fwp%2Fv2%2Fcategories&post=202"},{"taxonomy":"post_tag","embeddable":true,"href":"https:\/\/elforodegares.com\/index.php?rest_route=%2Fwp%2Fv2%2Ftags&post=202"}],"curies":[{"name":"wp","href":"https:\/\/api.w.org\/{rel}","templated":true}]}}