{"id":207,"date":"2011-03-21T16:21:23","date_gmt":"2011-03-21T15:21:23","guid":{"rendered":"http:\/\/elforodegares.com\/?p=207"},"modified":"2011-03-21T16:25:01","modified_gmt":"2011-03-21T15:25:01","slug":"%c2%bfcumple-la-ampliacion-del-colegio-la-legalidad","status":"publish","type":"post","link":"https:\/\/elforodegares.com\/?p=207","title":{"rendered":"\u00bfCUMPLE LA AMPLIACI\u00d3N DEL COLEGIO LA LEGALIDAD?"},"content":{"rendered":"<p>Ya no estamos hablando de gustos, m\u00e1s o menos, defendibles, si no del cumplimiento de una legalidad que es el Ayuntamiento quien viene obligado a vigilar su estricto cumplimiento, maxime cuando se trata de actividades clasificadas y, en este caso, que afectan a la poblaci\u00f3n de menor edad.<\/p>\n<p>Reproducimos el Correo que nos ha enviado \u00abAficionado a la prevenci\u00f3n de riesgos laborales\u00bb para su publicaci\u00f3n:<\/p>\n<p><em>Da la casualidad por causas que no vienen al caso, que tuve ocasi\u00f3n de poder ver de primera mano la sala de inform\u00e1tica adaptada como aula, as\u00ed como el resto de otras aulas.<\/em><\/p>\n<p><em>Sin tener ning\u00fan aparato de medici\u00f3n pero por pura comparaci\u00f3n con otras aulas, se puede observar lo siguiente:<\/em><\/p>\n<p><em><strong>Iluminaci\u00f3n:<\/strong><\/em><\/p>\n<p><em>El techo de las estancias es el cl\u00e1sico falso techo de placas de 50x50cm, as\u00ed que tenemos un sistema de referencia fiable.<\/em><\/p>\n<p><em>En las clases oficiales por as\u00ed decirlo, todas las luminarias est\u00e1n separadas 3 cuadros entre s\u00ed, dando un cuadro de 3&#215;3 luminarias completando un numero de 9 luminarias por aula.<\/em><\/p>\n<p><em>En el aula adaptada las luminarias esta separadas 5 cuadros entre s\u00ed, dando un cuadro de 2&#215;2 luminarias completando 4 luminarias.<\/em><\/p>\n<p><em>En todos los casos las luminarias son las mismas, una bater\u00eda de 4tubos fluorescentes x14w modelo T5<\/em><\/p>\n<p><em>Basado en mi experiencia, podr\u00eda estimar que en las aulas oficiales si se cumplen los 500 lux que exige la ley de Prevenci\u00f3n de riesgos laborales. <strong>En el aula adaptada<\/strong>, estimo que rondar\u00e1 los 220 lux, a todas <strong>luces insuficiente para manejar documentos escritos sobre la mesa<\/strong>.<\/em><\/p>\n<p><em><strong>Ventilaci\u00f3n:<\/strong><\/em><\/p>\n<p><em>En las aulas oficiales, podemos contar dos puertas de una hoja con acceso directo a patio, mas tres ventanas oscilantes con un grado de apertura de 15\u00ba aproximadamente.<\/em><\/p>\n<p><em>En el aula adaptada solo existe una ventana oscilante, creo que sobra a\u00f1adir cualquier comentario, l<strong>a renovaci\u00f3n de aire es totalmente insuficiente<\/strong>, la \u00fanica ventilaci\u00f3n seria al interior del edificio, abriendo la puerta de clase, claro.<\/em><\/p>\n<p><em><strong>Climatizaci\u00f3n:<\/strong><\/em><\/p>\n<p><em>S\u00f3lo comentar\u00e9 sobre el aula adaptada. La sensaci\u00f3n t\u00e9rmica en el interior de la sala es alta, no sabr\u00eda decir cu\u00e1nto, pero de seguro bastante por encima de los 20\u00baC. <strong>El sistema de calefacci\u00f3n<\/strong> es por suelo radiante y casa sala posee termostato independiente. Pues bien, en el aula adaptada a<strong>lgo no debe funcionar correctamente<\/strong>, puesto que con termostato a 18\u00baC el suelo se nota caliente al tacto, con grandes diferencias entre unas zonas y otras, creo que habr\u00eda que revisar este aspecto con term\u00f3metro infrarrojo porque en mi opini\u00f3n <strong>el funcionamiento no es correcto<\/strong> (Los tubos no est\u00e1n bien aislados en su recorrido a otras estancias).<\/em><\/p>\n<p><em>Por otra parte, siempre me ha llamado la atenci\u00f3n, que fuera del horario escolar la calefacci\u00f3n siempre est\u00e1 encendida, entiendo que no es conveniente dejar caer la temperatura mucho porque luego va a costar tiempo recuperarla, pero por la tarde, <strong>cuando no hay nadie, mantener los 20\u00baC me parece un derroche<\/strong>, con una temperatura de mantenimiento de 12-15\u00baC ser\u00eda suficiente, para luego, unas horas antes del comienzo de las clases volver a subir la temperatura a los 20\u00baC<\/em><\/p>\n<p>&nbsp;<\/p>\n","protected":false},"excerpt":{"rendered":"<p>Ya no estamos hablando de gustos, m\u00e1s o menos, defendibles, si no del cumplimiento de una legalidad que es el Ayuntamiento quien viene obligado a vigilar su estricto cumplimiento, maxime cuando se trata de actividades clasificadas y, en este caso, &hellip; <a href=\"https:\/\/elforodegares.com\/?p=207\">Sigue leyendo <span class=\"meta-nav\">&rarr;<\/span><\/a><\/p>\n","protected":false},"author":1,"featured_media":0,"comment_status":"open","ping_status":"open","sticky":false,"template":"","format":"standard","meta":{"footnotes":""},"categories":[1],"tags":[69,33],"class_list":["post-207","post","type-post","status-publish","format-standard","hentry","category-forestal","tag-colegio-comarcal","tag-obras-municipales"],"_links":{"self":[{"href":"https:\/\/elforodegares.com\/index.php?rest_route=\/wp\/v2\/posts\/207","targetHints":{"allow":["GET"]}}],"collection":[{"href":"https:\/\/elforodegares.com\/index.php?rest_route=\/wp\/v2\/posts"}],"about":[{"href":"https:\/\/elforodegares.com\/index.php?rest_route=\/wp\/v2\/types\/post"}],"author":[{"embeddable":true,"href":"https:\/\/elforodegares.com\/index.php?rest_route=\/wp\/v2\/users\/1"}],"replies":[{"embeddable":true,"href":"https:\/\/elforodegares.com\/index.php?rest_route=%2Fwp%2Fv2%2Fcomments&post=207"}],"version-history":[{"count":5,"href":"https:\/\/elforodegares.com\/index.php?rest_route=\/wp\/v2\/posts\/207\/revisions"}],"predecessor-version":[{"id":212,"href":"https:\/\/elforodegares.com\/index.php?rest_route=\/wp\/v2\/posts\/207\/revisions\/212"}],"wp:attachment":[{"href":"https:\/\/elforodegares.com\/index.php?rest_route=%2Fwp%2Fv2%2Fmedia&parent=207"}],"wp:term":[{"taxonomy":"category","embeddable":true,"href":"https:\/\/elforodegares.com\/index.php?rest_route=%2Fwp%2Fv2%2Fcategories&post=207"},{"taxonomy":"post_tag","embeddable":true,"href":"https:\/\/elforodegares.com\/index.php?rest_route=%2Fwp%2Fv2%2Ftags&post=207"}],"curies":[{"name":"wp","href":"https:\/\/api.w.org\/{rel}","templated":true}]}}