{"id":2214,"date":"2015-01-02T12:34:47","date_gmt":"2015-01-02T11:34:47","guid":{"rendered":"http:\/\/elforodegares.com\/?p=2214"},"modified":"2015-01-02T12:37:40","modified_gmt":"2015-01-02T11:37:40","slug":"y-que-tengamos-que-malinformar-por-la-prensa","status":"publish","type":"post","link":"https:\/\/elforodegares.com\/?p=2214","title":{"rendered":"\u00a1Y QUE TENGAMOS QUE ESTAR MALINFORMADOS POR LA PRENSA, Y NO BIEN POR NUESTRO AYUNTAMIENTO!"},"content":{"rendered":"<p style=\"text-align: justify;\">Hoy el Diario de Navarra daba cuenta del borrador del Ministerio de Industria para la nueva planificaci\u00f3n el\u00e9ctrica entre 2015 y 2020, incluyendo la controvertida l\u00ednea 400 kV que conecta el centro de Navarra con el Pa\u00eds Vasco a partir de la otra l\u00ednea 400 kV existente, la Castej\u00f3n-Muruarte.<\/p>\n<p style=\"text-align: justify;\"><a href=\"http:\/\/elforodegares.com\/wp-content\/uploads\/2015\/01\/Linea-Electrc-Plano.jpg\"><img loading=\"lazy\" decoding=\"async\" class=\"alignleft wp-image-2216 size-medium\" src=\"http:\/\/elforodegares.com\/wp-content\/uploads\/2015\/01\/Linea-Electrc-Plano-300x246.jpg\" alt=\"Linea Electrc Plano\" width=\"300\" height=\"246\" srcset=\"https:\/\/elforodegares.com\/wp-content\/uploads\/2015\/01\/Linea-Electrc-Plano-300x246.jpg 300w, https:\/\/elforodegares.com\/wp-content\/uploads\/2015\/01\/Linea-Electrc-Plano-1024x841.jpg 1024w\" sizes=\"auto, (max-width: 300px) 100vw, 300px\" \/><\/a>Informaci\u00f3n, a mi juicio, totalmente incompleta pues utiliza dos planos, en los que refleja el anterior trazado y el nuevo, a escalas totalmente diferente, y con menciones a localidades tambi\u00e9n diferentes por lo que hace dif\u00edcil relacionar y superponer ambos trazados, aunque si lo intentamos, nos encontramos que si el anterior trazado (gris oscuro) tocaba a Puente de forma lateral, el nuevo trazado (en rojo) nos cruza por medio.<\/p>\n<p style=\"text-align: justify;\">Da miedo en qu\u00e9 manos estamos, con la pol\u00edtica de informaci\u00f3n puntual de nuestro Ayuntamiento, y actuaciones de la Prensa que pudi\u00e9ramos calificar cuando menos de incompletas, y ello con algo que, seg\u00fan dec\u00eda la Plataforma \u201cad hoc\u201d, va a ser tan perjudicial para nuestra salud, \u00a1al final la ley del embudo en Puente, lo mismo que con las antenas de Telefon\u00eda!.<\/p>\n<p style=\"text-align: justify;\">Por cierto, el Plan Municipal aprobado por unanimidad de la Corporaci\u00f3n \u00bfQu\u00e9 trazado de la l\u00ednea contempla?<\/p>\n<p style=\"text-align: justify;\">\u00a1Y la Comisi\u00f3n de Participaci\u00f3n Ciudadana de \u00abAgenda 21\u00bb sin crear despu\u00e9s de tres legislaturas!, y dos de ellas teniendo a \u00abAgrupaci\u00f3n Puentesina\u00bb en la Alcald\u00eda, despu\u00e9s de estar \u00a0denunciando \u00abmachaconamente\u00bb su no constituci\u00f3n en los a\u00f1os anteriores en que no ostentaban tal cargo.<\/p>\n<p style=\"text-align: justify;\"><span style=\"color: #ff0000;\"><strong><a style=\"color: #ff0000;\" href=\"http:\/\/elforodegares.com\/wp-content\/uploads\/2015\/01\/Linea-Alta-Tensi\u00f3n.pdf\">AQUI PUEDES LEER LA NOTICIA PUBLICADA Y VER LOS<\/a><\/strong><a style=\"color: #ff0000;\" href=\"http:\/\/elforodegares.com\/wp-content\/uploads\/2015\/01\/Linea-Alta-Tensi\u00f3n.pdf\"> PLANOS<\/a><\/span><\/p>\n","protected":false},"excerpt":{"rendered":"<p>Hoy el Diario de Navarra daba cuenta del borrador del Ministerio de Industria para la nueva planificaci\u00f3n el\u00e9ctrica entre 2015 y 2020, incluyendo la controvertida l\u00ednea 400 kV que conecta el centro de Navarra con el Pa\u00eds Vasco a partir &hellip; <a href=\"https:\/\/elforodegares.com\/?p=2214\">Sigue leyendo <span class=\"meta-nav\">&rarr;<\/span><\/a><\/p>\n","protected":false},"author":1,"featured_media":0,"comment_status":"open","ping_status":"open","sticky":false,"template":"","format":"standard","meta":{"footnotes":""},"categories":[1,62,41],"tags":[],"class_list":["post-2214","post","type-post","status-publish","format-standard","hentry","category-forestal","category-sanidad","category-urbanismo"],"_links":{"self":[{"href":"https:\/\/elforodegares.com\/index.php?rest_route=\/wp\/v2\/posts\/2214","targetHints":{"allow":["GET"]}}],"collection":[{"href":"https:\/\/elforodegares.com\/index.php?rest_route=\/wp\/v2\/posts"}],"about":[{"href":"https:\/\/elforodegares.com\/index.php?rest_route=\/wp\/v2\/types\/post"}],"author":[{"embeddable":true,"href":"https:\/\/elforodegares.com\/index.php?rest_route=\/wp\/v2\/users\/1"}],"replies":[{"embeddable":true,"href":"https:\/\/elforodegares.com\/index.php?rest_route=%2Fwp%2Fv2%2Fcomments&post=2214"}],"version-history":[{"count":5,"href":"https:\/\/elforodegares.com\/index.php?rest_route=\/wp\/v2\/posts\/2214\/revisions"}],"predecessor-version":[{"id":2222,"href":"https:\/\/elforodegares.com\/index.php?rest_route=\/wp\/v2\/posts\/2214\/revisions\/2222"}],"wp:attachment":[{"href":"https:\/\/elforodegares.com\/index.php?rest_route=%2Fwp%2Fv2%2Fmedia&parent=2214"}],"wp:term":[{"taxonomy":"category","embeddable":true,"href":"https:\/\/elforodegares.com\/index.php?rest_route=%2Fwp%2Fv2%2Fcategories&post=2214"},{"taxonomy":"post_tag","embeddable":true,"href":"https:\/\/elforodegares.com\/index.php?rest_route=%2Fwp%2Fv2%2Ftags&post=2214"}],"curies":[{"name":"wp","href":"https:\/\/api.w.org\/{rel}","templated":true}]}}