{"id":2227,"date":"2015-01-07T19:27:29","date_gmt":"2015-01-07T18:27:29","guid":{"rendered":"http:\/\/elforodegares.com\/?p=2227"},"modified":"2015-01-07T19:34:08","modified_gmt":"2015-01-07T18:34:08","slug":"antiguos-diputados-forales-nuevos-alcaldes-de-bildu-fidel-aracama","status":"publish","type":"post","link":"https:\/\/elforodegares.com\/?p=2227","title":{"rendered":"ANTIGUOS DIPUTADOS FORALES = NUEVOS ALCALDES DE BILDU \u2013 FIDEL ARACAMA"},"content":{"rendered":"<p style=\"text-align: justify;\">En los a\u00f1os sesenta del siglo pasado era costumbre ver como los \u201cdiputados\u201d de Navarra arrimaban a su Merindad, cuando no a su pueblo, todo lo que pod\u00edan de la \u201cMadre Patria\u201d Diputaci\u00f3n Foral de Navarra.<\/p>\n<p style=\"text-align: justify;\">Y as\u00ed sol\u00edan decir que el elevado n\u00famero de polic\u00edas forales naturales de Navascues lo eran por D. Amadeo Marco (aunque, al final, a \u00e9ste pocos dispendios forales se le conocieran y, mucho menos, en su \u00e1mbito personal), o la mejora de carreteras a las distintas localidades de su Merindad, \u00a1todos podr\u00edamos ir mostrando y recordando diversas actuaciones de nuestros queridos \u201cdiputados\u201d cuando no de sus Presidentes (\u00a1por cierto, sobrino de uno de ellos es quien suscribe por si alguien me lo quiere \u201cendilgar\u201d).<\/p>\n<p style=\"text-align: justify;\">Pero esta situaci\u00f3n que cre\u00edamos todos superada con la llegada de la \u201cdemocracia\u201d (\u00a1si con letra peque\u00f1a, porque lo que muchos entienden por ella no merece nada m\u00e1s!), parece que vuelve a repetirse aunque no lo sea en beneficio del pueblo \u201cllano y fiel\u201d del gobernante, sino en beneficio del propio gobernante.<\/p>\n<p style=\"text-align: justify;\">Y lo digo porque,<span style=\"text-decoration: underline;\"> si es cierto lo que me han comentado<\/span>, el bueno de Fidel Aracama, \u00a1si el Alcalde de Puente!, a pesar de que hubiese manifestado la imposibilidad de acometer obras por falta de financiaci\u00f3n, se ha lanzado a reformar y reforzar parcialmente el pavimento de la Calle Mayor (otros la llaman \u201cAvenida de Europa\u201d), si bien, y m\u00e1s que lamentablemente, tal obra se limita a \u201crejuntar\u201d el pavimento en el tramo que va desde la c\/ Cortes de Navarra hasta el n\u00famero 14, \u00a1y solo por el lado derecho!, lo que hace que el escaso tramo de la calle que se ha visto beneficiado por la obra, sea el mismo que \u00a1conduce al portal del Sr. Alcalde!, y mientras habr\u00e1 gente que tenga que entrar a sus casa entre charcos y barros.<\/p>\n<p style=\"text-align: justify;\">\u00a1La verdad es que esto no pod\u00eda esperarse de un Alcalde de Bildu (Agrupaci\u00f3n a la que pertenece nuestro Alcalde al ser militante declarado de Eusko Alkartasuna, \u00a1que para eso no se necesitaban acuerdos previos!) siempre tan celosos y defensores por la transparencia y objetividad en la gesti\u00f3n p\u00fablica!.<\/p>\n","protected":false},"excerpt":{"rendered":"<p>En los a\u00f1os sesenta del siglo pasado era costumbre ver como los \u201cdiputados\u201d de Navarra arrimaban a su Merindad, cuando no a su pueblo, todo lo que pod\u00edan de la \u201cMadre Patria\u201d Diputaci\u00f3n Foral de Navarra. Y as\u00ed sol\u00edan decir &hellip; <a href=\"https:\/\/elforodegares.com\/?p=2227\">Sigue leyendo <span class=\"meta-nav\">&rarr;<\/span><\/a><\/p>\n","protected":false},"author":1,"featured_media":0,"comment_status":"open","ping_status":"open","sticky":false,"template":"","format":"standard","meta":{"footnotes":""},"categories":[37,60,44],"tags":[],"class_list":["post-2227","post","type-post","status-publish","format-standard","hentry","category-alcaldia","category-funcionamiento-municipal","category-vias-publicas"],"_links":{"self":[{"href":"https:\/\/elforodegares.com\/index.php?rest_route=\/wp\/v2\/posts\/2227","targetHints":{"allow":["GET"]}}],"collection":[{"href":"https:\/\/elforodegares.com\/index.php?rest_route=\/wp\/v2\/posts"}],"about":[{"href":"https:\/\/elforodegares.com\/index.php?rest_route=\/wp\/v2\/types\/post"}],"author":[{"embeddable":true,"href":"https:\/\/elforodegares.com\/index.php?rest_route=\/wp\/v2\/users\/1"}],"replies":[{"embeddable":true,"href":"https:\/\/elforodegares.com\/index.php?rest_route=%2Fwp%2Fv2%2Fcomments&post=2227"}],"version-history":[{"count":4,"href":"https:\/\/elforodegares.com\/index.php?rest_route=\/wp\/v2\/posts\/2227\/revisions"}],"predecessor-version":[{"id":2231,"href":"https:\/\/elforodegares.com\/index.php?rest_route=\/wp\/v2\/posts\/2227\/revisions\/2231"}],"wp:attachment":[{"href":"https:\/\/elforodegares.com\/index.php?rest_route=%2Fwp%2Fv2%2Fmedia&parent=2227"}],"wp:term":[{"taxonomy":"category","embeddable":true,"href":"https:\/\/elforodegares.com\/index.php?rest_route=%2Fwp%2Fv2%2Fcategories&post=2227"},{"taxonomy":"post_tag","embeddable":true,"href":"https:\/\/elforodegares.com\/index.php?rest_route=%2Fwp%2Fv2%2Ftags&post=2227"}],"curies":[{"name":"wp","href":"https:\/\/api.w.org\/{rel}","templated":true}]}}