{"id":2269,"date":"2015-02-09T14:03:32","date_gmt":"2015-02-09T13:03:32","guid":{"rendered":"http:\/\/elforodegares.com\/?p=2269"},"modified":"2015-02-09T14:03:32","modified_gmt":"2015-02-09T13:03:32","slug":"actua-nuestro-ayuntamiento-con-la-imparcialidad-que-exige-la-ley","status":"publish","type":"post","link":"https:\/\/elforodegares.com\/?p=2269","title":{"rendered":"\u00bfACT\u00daA NUESTRO AYUNTAMIENTO CON LA IMPARCIALIDAD QUE EXIGE LA LEY?"},"content":{"rendered":"<p style=\"text-align: justify;\">En el mismo n\u00famero de la Revista \u201cEntreto2\u201d de la que comentaba la informaci\u00f3n del lamentable estado (y futuro) del Pol\u00edgono \u00a0Aloa de Puente, me llam\u00f3 la atenci\u00f3n del anuncio publicado en la Contraportada de la nueva Campa\u00f1a de matriculaci\u00f3n en el \u201cModelo D\u201d, abonado, m\u00e1s que presumiblemente, por el Ayuntamiento de Puente la Reina tal como figura al pie de se\u00f1alado anuncio.<\/p>\n<p style=\"text-align: justify;\">Muchos dir\u00e1n ya est\u00e1 el Exsecretario meti\u00e9ndose contra el \u201cEuskera\u201d, a lo que no me cabe si no decirles que s\u00f3lo unas mentes estrechas y obtusas pueden efectuar tal afirmaci\u00f3n, m\u00e1xime por cuanto considero que \u201cflaco favor\u201d hace tal anuncio a lo que, al menos yo, a una Campa\u00f1a, correcta e informativa, a favor del Euskera y su utilizaci\u00f3n.<\/p>\n<p style=\"text-align: justify;\">Pues si por algo traigo a colaci\u00f3n este anuncio, lo es porque<strong>,<\/strong> para m\u00ed, va en contra de la debida imparcialidad que, desde la misma Ley, debe presidir la actuaci\u00f3n de la Administraci\u00f3n P\u00fablica, en la que, quieran o no, est\u00e1 incluido nuestro Ayuntamiento, debiendo ser escrupuloso en su actividad en el cumplimiento de las Leyes, aunque esto a algunos le suene a m\u00fasica celestial.<\/p>\n<p style=\"text-align: justify;\">Creo que si el Ayuntamiento quiere gastarse el dinero de sus contribuyentes en campa\u00f1as en beneficio de otra colectividad como es Valdizarbe (\u00e1mbito del Colegio Comarcal) deber\u00eda explicarlo mejor y no continuar siendo Puente el \u00fanico pagano como \u00a0lo ha sido en el propio Colegio Comarcal, la Pista Polideportiva, los inmuebles del Centro de Salud (y su prometida e incumplida promesa de ampliaci\u00f3n), el Centro de 0 a 3 a\u00f1os, \u2026., pero lo que no creo que tanga justificaci\u00f3n es que el Ayuntamiento tome partido por una opci\u00f3n especifica de las que se ofertan en el Centro Educativo, mucho m\u00e1s cuando desde el Ayuntamiento se plantean actuaciones acudiendo a las diversas opciones personales (baste, como ejemplos, las actuaciones sobre el modelo TIL y el planteamiento de revocaci\u00f3n de un acuerdo, o la declaraci\u00f3n de laicidad del Ayuntamiento).<\/p>\n<p style=\"text-align: justify;\">Solo me queda esperar que en la clasificaci\u00f3n del gasto que supondr\u00e1 el tal anuncio, se clasifique econ\u00f3micamente como transferencia corriente a otros Entes Territoriales y como Funcional como \u201cFomento del Euskera\u201d, y ello para que las cuentas no p\u00fablicadas en la Web puedan entenderse mejor.<\/p>\n<p style=\"text-align: justify;\">Y ya que hablamos del Fomento del Euskera me viene al recuerdo la definici\u00f3n que, respecto al perfil ling\u00fc\u00edstico del puesto de Secretario, hizo la Corporaci\u00f3n exigi\u00e9ndose el mayor conocimiento del Euskera para tal puesto bas\u00e1ndose en que atend\u00eda al p\u00fablico, y yo me pregunto \u00bfCu\u00e1ndo se va a trasladar a la actual Secretaria (antigua T\u00e9cnico del Euskera) \u00a0a las Oficinas de atenci\u00f3n al p\u00fablico?, \u00bfPara cu\u00e1ndo se van a publicar las Actas de Pleno y otra documentaci\u00f3n en Euskera?, etc..<\/p>\n","protected":false},"excerpt":{"rendered":"<p>En el mismo n\u00famero de la Revista \u201cEntreto2\u201d de la que comentaba la informaci\u00f3n del lamentable estado (y futuro) del Pol\u00edgono \u00a0Aloa de Puente, me llam\u00f3 la atenci\u00f3n del anuncio publicado en la Contraportada de la nueva Campa\u00f1a de matriculaci\u00f3n &hellip; <a href=\"https:\/\/elforodegares.com\/?p=2269\">Sigue leyendo <span class=\"meta-nav\">&rarr;<\/span><\/a><\/p>\n","protected":false},"author":1,"featured_media":0,"comment_status":"open","ping_status":"open","sticky":false,"template":"","format":"standard","meta":{"footnotes":""},"categories":[39,60],"tags":[],"class_list":["post-2269","post","type-post","status-publish","format-standard","hentry","category-euskera","category-funcionamiento-municipal"],"_links":{"self":[{"href":"https:\/\/elforodegares.com\/index.php?rest_route=\/wp\/v2\/posts\/2269","targetHints":{"allow":["GET"]}}],"collection":[{"href":"https:\/\/elforodegares.com\/index.php?rest_route=\/wp\/v2\/posts"}],"about":[{"href":"https:\/\/elforodegares.com\/index.php?rest_route=\/wp\/v2\/types\/post"}],"author":[{"embeddable":true,"href":"https:\/\/elforodegares.com\/index.php?rest_route=\/wp\/v2\/users\/1"}],"replies":[{"embeddable":true,"href":"https:\/\/elforodegares.com\/index.php?rest_route=%2Fwp%2Fv2%2Fcomments&post=2269"}],"version-history":[{"count":1,"href":"https:\/\/elforodegares.com\/index.php?rest_route=\/wp\/v2\/posts\/2269\/revisions"}],"predecessor-version":[{"id":2270,"href":"https:\/\/elforodegares.com\/index.php?rest_route=\/wp\/v2\/posts\/2269\/revisions\/2270"}],"wp:attachment":[{"href":"https:\/\/elforodegares.com\/index.php?rest_route=%2Fwp%2Fv2%2Fmedia&parent=2269"}],"wp:term":[{"taxonomy":"category","embeddable":true,"href":"https:\/\/elforodegares.com\/index.php?rest_route=%2Fwp%2Fv2%2Fcategories&post=2269"},{"taxonomy":"post_tag","embeddable":true,"href":"https:\/\/elforodegares.com\/index.php?rest_route=%2Fwp%2Fv2%2Ftags&post=2269"}],"curies":[{"name":"wp","href":"https:\/\/api.w.org\/{rel}","templated":true}]}}