{"id":2318,"date":"2015-05-20T06:57:04","date_gmt":"2015-05-20T05:57:04","guid":{"rendered":"http:\/\/elforodegares.com\/?p=2318"},"modified":"2015-05-20T07:36:05","modified_gmt":"2015-05-20T06:36:05","slug":"los-buenos-propositos-de-fidel-para-la-alcaldia","status":"publish","type":"post","link":"https:\/\/elforodegares.com\/?p=2318","title":{"rendered":"Los buenos propositos de Fidel para la Alcald\u00eda"},"content":{"rendered":"<p style=\"text-align: justify;\">\n<p style=\"text-align: justify;\">El otro d\u00eda le\u00eda en el \u201cDiario de Navarra\u201d las manifestaciones de los candidatos a la Alcald\u00eda por Puente, y me causo admiraci\u00f3n, extra\u00f1eza, asombro, etc\u2026 (\u00a1a\u00f1ada lo que Ud. quiera!) con la manifestaci\u00f3n del \u201cbuen\u201d Fidel de que lo que har\u00e1 es <em>\u201cContinuar con lo que tenemos pendiente, que es bastante. Con el mismo compromiso\u201d<\/em>, buena concreci\u00f3n de programa electoral, cuando en ella se resume el total e integro del contenido en las pasadas elecciones, dado el incre\u00edble incumplimiento de sus promesas electorales; <img loading=\"lazy\" decoding=\"async\" class=\"alignleft wp-image-2323 size-thumbnail\" src=\"http:\/\/elforodegares.com\/wp-content\/uploads\/2015\/05\/Foto-Fidel-150x150.jpg\" alt=\"Foto Fidel\" width=\"150\" height=\"150\" srcset=\"https:\/\/elforodegares.com\/wp-content\/uploads\/2015\/05\/Foto-Fidel-150x150.jpg 150w, https:\/\/elforodegares.com\/wp-content\/uploads\/2015\/05\/Foto-Fidel.jpg 179w\" sizes=\"auto, (max-width: 150px) 100vw, 150px\" \/>aunque, y es una pena decirlo, esto es algo predicable de todos los Grupos Municipales de Puente.<\/p>\n<p style=\"text-align: justify;\">Y ello por no decir la menci\u00f3n a la deficiente situaci\u00f3n econ\u00f3mica del Ayuntamiento, cuando acaba de aprobar unos presupuestos con m\u00e1s de 130.000 \u20ac de ingresos que de gastos, es decir que en su mente no se le ocurren necesidades en Puente donde gastarlos, pues como simple \u201cideica\u201d, y entre otras muchas que se me ocurren y que te puedo exponer, te aconsejo que leas los escritos\/quejas de la APYMA.<\/p>\n<p>Y por cierto, \u00a1sigues sin dar explicaci\u00f3n alguna a su doble militancia \u201cAgrupaci\u00f3n Puentesina\u201d y \u201cEA-Bildu\u201d!, por que no sera que te est\u00e9s riendo de todos con esta dualidad.<\/p>\n","protected":false},"excerpt":{"rendered":"<p>El otro d\u00eda le\u00eda en el \u201cDiario de Navarra\u201d las manifestaciones de los candidatos a la Alcald\u00eda por Puente, y me causo admiraci\u00f3n, extra\u00f1eza, asombro, etc\u2026 (\u00a1a\u00f1ada lo que Ud. quiera!) con la manifestaci\u00f3n del \u201cbuen\u201d Fidel de que lo &hellip; <a href=\"https:\/\/elforodegares.com\/?p=2318\">Sigue leyendo <span class=\"meta-nav\">&rarr;<\/span><\/a><\/p>\n","protected":false},"author":1,"featured_media":0,"comment_status":"open","ping_status":"open","sticky":false,"template":"","format":"standard","meta":{"footnotes":""},"categories":[37],"tags":[],"class_list":["post-2318","post","type-post","status-publish","format-standard","hentry","category-alcaldia"],"_links":{"self":[{"href":"https:\/\/elforodegares.com\/index.php?rest_route=\/wp\/v2\/posts\/2318","targetHints":{"allow":["GET"]}}],"collection":[{"href":"https:\/\/elforodegares.com\/index.php?rest_route=\/wp\/v2\/posts"}],"about":[{"href":"https:\/\/elforodegares.com\/index.php?rest_route=\/wp\/v2\/types\/post"}],"author":[{"embeddable":true,"href":"https:\/\/elforodegares.com\/index.php?rest_route=\/wp\/v2\/users\/1"}],"replies":[{"embeddable":true,"href":"https:\/\/elforodegares.com\/index.php?rest_route=%2Fwp%2Fv2%2Fcomments&post=2318"}],"version-history":[{"count":3,"href":"https:\/\/elforodegares.com\/index.php?rest_route=\/wp\/v2\/posts\/2318\/revisions"}],"predecessor-version":[{"id":2325,"href":"https:\/\/elforodegares.com\/index.php?rest_route=\/wp\/v2\/posts\/2318\/revisions\/2325"}],"wp:attachment":[{"href":"https:\/\/elforodegares.com\/index.php?rest_route=%2Fwp%2Fv2%2Fmedia&parent=2318"}],"wp:term":[{"taxonomy":"category","embeddable":true,"href":"https:\/\/elforodegares.com\/index.php?rest_route=%2Fwp%2Fv2%2Fcategories&post=2318"},{"taxonomy":"post_tag","embeddable":true,"href":"https:\/\/elforodegares.com\/index.php?rest_route=%2Fwp%2Fv2%2Ftags&post=2318"}],"curies":[{"name":"wp","href":"https:\/\/api.w.org\/{rel}","templated":true}]}}