{"id":2331,"date":"2015-05-26T18:37:16","date_gmt":"2015-05-26T17:37:16","guid":{"rendered":"http:\/\/elforodegares.com\/?p=2331"},"modified":"2015-05-27T18:25:01","modified_gmt":"2015-05-27T17:25:01","slug":"resultado-de-las-elecciones-municipales-y-los-consiguientes-pactos","status":"publish","type":"post","link":"https:\/\/elforodegares.com\/?p=2331","title":{"rendered":"RESULTADO DE LAS ELECCIONES MUNICIPALES, Y \u00a1LOS CONSIGUIENTES PACTOS!"},"content":{"rendered":"<p>\u00bfY ahora qu\u00e9?<\/p>\n<p style=\"text-align: justify;\">\u00a1Curiosa la igualdad de votos entre Bildu y Agrup. Xim\u00e9nez de Rada! Y m\u00e1s que incre\u00edbles los 130 votos obtenidos por la Candidatura de UPN, en contra de los 416 obtenidos por el mismo partido en \u00a0las Auton\u00f3micas, \u00a1alguien deber\u00eda explicarles a sus votantes el \u201cpor que\u201d este presentarse por separado! Aunque el resultado hubiese sido el mismo; pero bueno \u00a1all\u00e1 ellos!.<\/p>\n<p style=\"text-align: justify;\">Ahora no queda si no el il\u00f3gico \u201cjuego\u201d de los pactos y componendas a la que estamos m\u00e1s que acostumbrados, m\u00e1xime si tenemos en cuenta la total coincidencia del n\u00famero de votos de las dos primeras candidaturas, con lo que no nos queda ni el consuelo de que \u201cmande la lista m\u00e1s votada\u201d.<\/p>\n<p style=\"text-align: justify;\">Por otro lado, es ilusionante el que en varios de los casos se ven \u201ccaras nuevas\u201d (no en todos \u00a1es una l\u00e1stima!), con lo que confiemos que con ellas lleguen al Ayuntamiento nuevas ilusiones y ganas de hacer las cosas algo mejor de lo que nos tienen acostumbrados.<\/p>\n<p style=\"text-align: justify;\">De todas formas, ser\u00eda bueno que, de cara a los m\u00e1s que posibles pactos y adem\u00e1s de que se hagan p\u00fablicos, recordemos la voluntad y practica de ejecutarlos, pues, al menos a m\u00ed, no se me olvida el <strong><a href=\"http:\/\/elforodegares.com\/wp-content\/uploads\/2015\/05\/acuerdopuentesinabildu.pdf\"><em>Pacto suscrito entre Bildu y Agrupaci\u00f3n Puentesina<\/em> <\/a><\/strong>\u00a0en la legislaci\u00f3n anterior en cuyo punto 5 se se\u00f1ala:<\/p>\n<ol style=\"text-align: justify;\" start=\"5\">\n<li><em> Para que todo lo anteriormente citado tenga su mejor plasmaci\u00f3n en la vida del propio Ayuntamiento, Agrupaci\u00f3n Puentesina se compromete a que sus componentes voten de forma unitaria las propuestas presentadas.<\/em><\/li>\n<\/ol>\n<p style=\"text-align: justify;\">Y despues de todo ello nos encontramos con la cantidad de acuerdos adoptados, en esta legislatura que termina, con los votos de Agrupaci\u00f3n Puentesina de sentido totalmente contrario a los de Bildu, por no hablar de hechos tan lamentables como la renuncia del Corporativo Presidente de la Comisi\u00f3n de Cultura, por graves injerencias del Alcalde de A.P. en su gesti\u00f3n; la verdad, es que \u00a1es mejor no hablar!.<\/p>\n<p style=\"text-align: justify;\">Confiemos en que la gente elegida tenga memoria, y cuide algo mejor los t\u00e9rminos de los pactos.<\/p>\n","protected":false},"excerpt":{"rendered":"<p>\u00bfY ahora qu\u00e9? \u00a1Curiosa la igualdad de votos entre Bildu y Agrup. Xim\u00e9nez de Rada! Y m\u00e1s que incre\u00edbles los 130 votos obtenidos por la Candidatura de UPN, en contra de los 416 obtenidos por el mismo partido en \u00a0las &hellip; <a href=\"https:\/\/elforodegares.com\/?p=2331\">Sigue leyendo <span class=\"meta-nav\">&rarr;<\/span><\/a><\/p>\n","protected":false},"author":1,"featured_media":0,"comment_status":"open","ping_status":"open","sticky":false,"template":"","format":"standard","meta":{"footnotes":""},"categories":[61],"tags":[],"class_list":["post-2331","post","type-post","status-publish","format-standard","hentry","category-corporacion-municipal"],"_links":{"self":[{"href":"https:\/\/elforodegares.com\/index.php?rest_route=\/wp\/v2\/posts\/2331","targetHints":{"allow":["GET"]}}],"collection":[{"href":"https:\/\/elforodegares.com\/index.php?rest_route=\/wp\/v2\/posts"}],"about":[{"href":"https:\/\/elforodegares.com\/index.php?rest_route=\/wp\/v2\/types\/post"}],"author":[{"embeddable":true,"href":"https:\/\/elforodegares.com\/index.php?rest_route=\/wp\/v2\/users\/1"}],"replies":[{"embeddable":true,"href":"https:\/\/elforodegares.com\/index.php?rest_route=%2Fwp%2Fv2%2Fcomments&post=2331"}],"version-history":[{"count":2,"href":"https:\/\/elforodegares.com\/index.php?rest_route=\/wp\/v2\/posts\/2331\/revisions"}],"predecessor-version":[{"id":2334,"href":"https:\/\/elforodegares.com\/index.php?rest_route=\/wp\/v2\/posts\/2331\/revisions\/2334"}],"wp:attachment":[{"href":"https:\/\/elforodegares.com\/index.php?rest_route=%2Fwp%2Fv2%2Fmedia&parent=2331"}],"wp:term":[{"taxonomy":"category","embeddable":true,"href":"https:\/\/elforodegares.com\/index.php?rest_route=%2Fwp%2Fv2%2Fcategories&post=2331"},{"taxonomy":"post_tag","embeddable":true,"href":"https:\/\/elforodegares.com\/index.php?rest_route=%2Fwp%2Fv2%2Ftags&post=2331"}],"curies":[{"name":"wp","href":"https:\/\/api.w.org\/{rel}","templated":true}]}}