{"id":2336,"date":"2015-06-10T09:45:13","date_gmt":"2015-06-10T08:45:13","guid":{"rendered":"http:\/\/elforodegares.com\/?p=2336"},"modified":"2015-06-10T09:45:13","modified_gmt":"2015-06-10T08:45:13","slug":"realmente-hay-incertidumbre-para-la-eleccion-de-alcalde-de-puente-la-reina","status":"publish","type":"post","link":"https:\/\/elforodegares.com\/?p=2336","title":{"rendered":"\u00bfREALMENTE HAY INCERTIDUMBRE PARA LA ELECCI\u00d3N DE ALCALDE DE PUENTE LA REINA!"},"content":{"rendered":"<p style=\"text-align: justify;\">Leo en la Web de \u201cGaresko Auzalan\u201d la Entrada de\u201d Incertidumbre ante el Pleno de investidura en Gares\u201d en la que plantean la incertidumbre de la elecci\u00f3n del Alcalde, no se\u00f1alando, al respecto, la existencia de pacto o compromiso alguno alcanzado al respecto. Nos informan, por otra parte, de la norma aplicable en la elecci\u00f3n de Alcalde (Art. 196 de la Ley Org\u00e1nica del R\u00e9gimen Electoral General) pues \u00a1hacen bien en recordar la Ley para cumplirla!, acabando se\u00f1alando el que la \u201cllave\u201d de la elecci\u00f3n la van a tener los dos votos de \u201cAgrupaci\u00f3n Puentesina\u201d, \u00a1quienes accedieron a la Alcald\u00eda en la legislatura anterior con los votos de Bildu!.<\/p>\n<p style=\"text-align: justify;\">Y yo me pregunto si no ser\u00e1 suficiente compromiso la pertenencia del cabeza de lista de \u201cAgrupaci\u00f3n Puentesina\u201d a Bildu (como militante de Eusko Alkartasuna), hecho que nunca se ha dignado explicarnos a pesar de serle preguntado en diversas ocasiones (http:\/\/elforodegares.com\/?p=2303, http:\/\/elforodegares.com\/?p=1921, ..), aunque reconozcamos lo dif\u00edcil que es dar esa explicaci\u00f3n salvando la prohibici\u00f3n que recae en EA para tales \u201cdobles pertenencias\u201d; y si a ello le a\u00f1adimos los manifiestos deseos de D. Fidel de alcanzar la \u201cpoltrona\u201d de la Presidencia de la Mancomunidad de Valdizarbe, en la que ha desarrollado con verdadera ineficacia su labor como Depositario y Miembro de Mesa de Contrataci\u00f3n, es decir \u00a1no ha tenido ni una sola actuaci\u00f3n en la legislatura como tal!.<\/p>\n<p style=\"text-align: justify;\">Mucho me da que, una vez m\u00e1s, me voy a quedar sin obtener contestaci\u00f3n a mis preguntas, aunque en este caso me conformare con ver la existencia o no del \u201cvoto cautivo\u201d el pr\u00f3ximo s\u00e1bado.<\/p>\n","protected":false},"excerpt":{"rendered":"<p>Leo en la Web de \u201cGaresko Auzalan\u201d la Entrada de\u201d Incertidumbre ante el Pleno de investidura en Gares\u201d en la que plantean la incertidumbre de la elecci\u00f3n del Alcalde, no se\u00f1alando, al respecto, la existencia de pacto o compromiso alguno &hellip; <a href=\"https:\/\/elforodegares.com\/?p=2336\">Sigue leyendo <span class=\"meta-nav\">&rarr;<\/span><\/a><\/p>\n","protected":false},"author":1,"featured_media":0,"comment_status":"open","ping_status":"open","sticky":false,"template":"","format":"standard","meta":{"footnotes":""},"categories":[53,37,48,61],"tags":[],"class_list":["post-2336","post","type-post","status-publish","format-standard","hentry","category-agrupacion-puentesina-2","category-alcaldia","category-bildu","category-corporacion-municipal"],"_links":{"self":[{"href":"https:\/\/elforodegares.com\/index.php?rest_route=\/wp\/v2\/posts\/2336","targetHints":{"allow":["GET"]}}],"collection":[{"href":"https:\/\/elforodegares.com\/index.php?rest_route=\/wp\/v2\/posts"}],"about":[{"href":"https:\/\/elforodegares.com\/index.php?rest_route=\/wp\/v2\/types\/post"}],"author":[{"embeddable":true,"href":"https:\/\/elforodegares.com\/index.php?rest_route=\/wp\/v2\/users\/1"}],"replies":[{"embeddable":true,"href":"https:\/\/elforodegares.com\/index.php?rest_route=%2Fwp%2Fv2%2Fcomments&post=2336"}],"version-history":[{"count":1,"href":"https:\/\/elforodegares.com\/index.php?rest_route=\/wp\/v2\/posts\/2336\/revisions"}],"predecessor-version":[{"id":2337,"href":"https:\/\/elforodegares.com\/index.php?rest_route=\/wp\/v2\/posts\/2336\/revisions\/2337"}],"wp:attachment":[{"href":"https:\/\/elforodegares.com\/index.php?rest_route=%2Fwp%2Fv2%2Fmedia&parent=2336"}],"wp:term":[{"taxonomy":"category","embeddable":true,"href":"https:\/\/elforodegares.com\/index.php?rest_route=%2Fwp%2Fv2%2Fcategories&post=2336"},{"taxonomy":"post_tag","embeddable":true,"href":"https:\/\/elforodegares.com\/index.php?rest_route=%2Fwp%2Fv2%2Ftags&post=2336"}],"curies":[{"name":"wp","href":"https:\/\/api.w.org\/{rel}","templated":true}]}}