{"id":2355,"date":"2015-07-09T21:19:32","date_gmt":"2015-07-09T19:19:32","guid":{"rendered":"http:\/\/elforodegares.com\/?p=2355"},"modified":"2015-07-09T21:19:32","modified_gmt":"2015-07-09T19:19:32","slug":"mancomunidad-de-valdizarbe-y-seguimos-creyendonos-reyes-del-manbo","status":"publish","type":"post","link":"https:\/\/elforodegares.com\/?p=2355","title":{"rendered":"MANCOMUNIDAD DE VALDIZARBE Y \u00a1SEGUIMOS CREY\u00c9NDONOS REYES DEL MANBO!"},"content":{"rendered":"<p><em><\/em>Volviendo despu\u00e9s de un lapsus de tiempo, me he permitido plantearme dos cuestiones de la Mancomunidad de Valdizarbe que, al menos, para m\u00ed tienen verdadera importancia.<\/p>\n<p style=\"text-align: justify;\">El primero de ello, y sobre el que he solicitado se me informe, es sobre el anuncio en el Bolet\u00edn Oficial de Navarra de las modificaciones presupuestarios n\u00fameros 2, 3, 4 y 5 del 2015, aprobadas inicialmente una vez efectuadas las elecciones municipales de Mayo, con lo que quienes acudieron a la Asamblea como representantes de los Ayuntamientos, ya no eran miembros, pero para m\u00ed que ah\u00ed no reside la cuesti\u00f3n, o mejor ser\u00eda decir su verg\u00fcenza, pus yo me pregunt\u00f3 \u00bftan urgentes eran las modificaciones que no pod\u00edan esperar a los nuevos corporativos?, \u00bfacaso se pretende tapar adjudicaciones y\/o gastos ya realizados y que no ten\u00edan la debida cobertura jur\u00eddica?, .. sea lo que sea, lo que, al menos, consigo con la presentaci\u00f3n de las alegaciones es que no puedan ser aprobadas t\u00e1citamente, si no que sea la Asamblea (\u00bfla anterior o la nueva?, porque \u00a1ah\u00ed se derivaran, estoy seguro las responsabilidades!) quien tenga que resolver expresamente las alegaciones.<\/p>\n<p style=\"text-align: justify;\">La segunda es la menci\u00f3n en un anuncio en el Bolet\u00edn Oficial de Navarra del encargo a una presunta \u201cAsesor\u00eda Jur\u00eddica\u201d del Recurso interpuesto ante un acuerdo de la Asamblea de la Mancomunidad, y digo presunto porque \u00bfQui\u00e9n ha nombrado a tal Asesor\u00eda?, \u00bfCu\u00e1l es el procedimiento de selecci\u00f3n?, \u00bfCu\u00e1ntos a\u00f1os lleva (el m\u00e1ximo es de cuatro)?, \u2026. Muchas cuestiones con dif\u00edcil respuesta de las que hemos pedido informaci\u00f3n, y de la que pueden derivarse responsabilidades a los miembros de la Junta (\u00a1aunque se hayan ido o quedado!) y\/o al personal que permanece en la Mancomunidad.<\/p>\n<p style=\"text-align: justify;\">Lo que es lamentable es que, en ambas, se haya tenido que denunciar la irregular situaci\u00f3n de la Secretar\u00eda de la Mancomunidad, incumpliendo Resoluci\u00f3n del Tribunal Administrativo (n\u00ba 7319\/2012, de 13\/12\/2012) no proveyendo la plaza en las condiciones y dedicaci\u00f3n legales exigidas en se\u00f1alada Resoluci\u00f3n y que la Mancomunidad se comprometi\u00f3 a cumplir (Auto del Tribunal Superior de Justicia de Navarra 13\/0081, de 06\/06\/2013).<\/p>\n<p style=\"text-align: justify;\">\u00a1Ya es lastima como la Mancomunidad se pasa la legalidad y los compromisos judiciales por \u2026.!, (ponga Vd. lo que quiera y as\u00ed no soy yo el denunciado)<\/p>\n<p style=\"text-align: justify;\">Por cierto quien quiera que le facilite copia de cualquier documento mencionado, no hace falta si no que me lo solicite<\/p>\n","protected":false},"excerpt":{"rendered":"<p>Volviendo despu\u00e9s de un lapsus de tiempo, me he permitido plantearme dos cuestiones de la Mancomunidad de Valdizarbe que, al menos, para m\u00ed tienen verdadera importancia. El primero de ello, y sobre el que he solicitado se me informe, es &hellip; <a href=\"https:\/\/elforodegares.com\/?p=2355\">Sigue leyendo <span class=\"meta-nav\">&rarr;<\/span><\/a><\/p>\n","protected":false},"author":1,"featured_media":0,"comment_status":"open","ping_status":"open","sticky":false,"template":"","format":"standard","meta":{"footnotes":""},"categories":[28],"tags":[],"class_list":["post-2355","post","type-post","status-publish","format-standard","hentry","category-mancomunidad-de-valdizarbe"],"_links":{"self":[{"href":"https:\/\/elforodegares.com\/index.php?rest_route=\/wp\/v2\/posts\/2355","targetHints":{"allow":["GET"]}}],"collection":[{"href":"https:\/\/elforodegares.com\/index.php?rest_route=\/wp\/v2\/posts"}],"about":[{"href":"https:\/\/elforodegares.com\/index.php?rest_route=\/wp\/v2\/types\/post"}],"author":[{"embeddable":true,"href":"https:\/\/elforodegares.com\/index.php?rest_route=\/wp\/v2\/users\/1"}],"replies":[{"embeddable":true,"href":"https:\/\/elforodegares.com\/index.php?rest_route=%2Fwp%2Fv2%2Fcomments&post=2355"}],"version-history":[{"count":1,"href":"https:\/\/elforodegares.com\/index.php?rest_route=\/wp\/v2\/posts\/2355\/revisions"}],"predecessor-version":[{"id":2356,"href":"https:\/\/elforodegares.com\/index.php?rest_route=\/wp\/v2\/posts\/2355\/revisions\/2356"}],"wp:attachment":[{"href":"https:\/\/elforodegares.com\/index.php?rest_route=%2Fwp%2Fv2%2Fmedia&parent=2355"}],"wp:term":[{"taxonomy":"category","embeddable":true,"href":"https:\/\/elforodegares.com\/index.php?rest_route=%2Fwp%2Fv2%2Fcategories&post=2355"},{"taxonomy":"post_tag","embeddable":true,"href":"https:\/\/elforodegares.com\/index.php?rest_route=%2Fwp%2Fv2%2Ftags&post=2355"}],"curies":[{"name":"wp","href":"https:\/\/api.w.org\/{rel}","templated":true}]}}