{"id":2363,"date":"2015-07-26T18:12:40","date_gmt":"2015-07-26T16:12:40","guid":{"rendered":"http:\/\/elforodegares.com\/?p=2363"},"modified":"2015-07-26T18:17:36","modified_gmt":"2015-07-26T16:17:36","slug":"homenajedespedida-a-dos-extrabajadores-jubilados-mi-mas-sincera-enhorabuena","status":"publish","type":"post","link":"https:\/\/elforodegares.com\/?p=2363","title":{"rendered":"HOMENAJE\/DESPEDIDA A DOS EXTRABAJADORES JUBILADOS, \u00a1MI MAS SINCERA ENHORABUENA!"},"content":{"rendered":"<p style=\"text-align: justify;\">Con verdadero gusto le\u00eda el pasado s\u00e1bado que en el acto de imposici\u00f3n del pa\u00f1uelos previo al cohete y junto a m\u00fasicos locales, se quiso efectuar un reconocimiento\/homenaje a dos extrabajadores municipales recientemente jubilados, \u00c1ngel Ayerra y Jos\u00e9 L\u00f3pez.<\/p>\n<p style=\"text-align: justify;\">Me alegro much\u00edsimo la noticia por ambos antiguos compa\u00f1eros con los que compart\u00ed 25 a\u00f1os de mi vida laboral con uno, y 20 con el segundo, sintiendo, y lo digo, sinceramente, un poquito de envidia pues yo, despu\u00e9s de 25 a\u00f1os, no tuve ocasi\u00f3n de tal acto, seg\u00fan llegaron a comentar los \u201cpadres de la patria\u201d (F.V. y J. A.) por que como iban a dar una despedida a quien les estaba molestando con la continua presentaci\u00f3n de escritos, quejas, recursos, etc., lo cual fue admitido por, practicamente, el resto de Corporativos.<\/p>\n<p style=\"text-align: justify;\">Parece ser que con ello les estaba causando no el agobio de trabajo que dec\u00edan, si no, y es mi suponer, que les causaba el remordimiento de no estar haciendo las cosas tan bien como ellos quer\u00edan hacer creer en el pueblo, pasando por encima de opiniones contrarias, leyes, .. y lo que hiciera falta; seg\u00fan parece nos quieren como los tres monicos: Sordos, ciegos y mudos, en definitiva c\u00f3mplices silenciosos de sus actuaciones.<\/p>\n<p style=\"text-align: justify;\">De esta forma, cuando tengo esta consideraci\u00f3n de tales corporativos es cuando se me quita ese poquito de envidia, pues para m\u00ed fue y es m\u00e1s importante llamar a las cosas por su nombre y no callar ante lo que considero una injusticia o un enga\u00f1o, como el que han venido manteniendo a todo el personal municipal desde el 2007 diciendo que ten\u00edamos establecido un Convenio o Acuerdo laboral, para acabar se\u00f1alando su total inexistencia en el 2014, \u00a1eso si que es un enga\u00f1o que hay que decirlo a la cara!, por mucho que venga amparado en opiniones, m\u00e1s o menos, fundamentadas de asesores, secretaria, interventora, o del \u201csursum corda\u201d; al final no podemos olvidar el viejo dicho de que <em>\u201cla opini\u00f3n de mi conciencia vale m\u00e1s que la opini\u00f3n de todo el mundo\u201d<\/em>, y en ese sentido tengo muy claro que en mis 25 a\u00f1os de trabajo en la Secretar\u00eda he puesto todo mi inter\u00e9s y formaci\u00f3n profesional en la mejor prestaci\u00f3n del servicio, y ello a pesar de que Alcaldes, Concejales, empleados municipales, e, incluso la Cama de Comptos, hayan intentado el mayor desprestigio personal y laboral hacia mi persona.<\/p>\n<p style=\"text-align: justify;\">Pero a lo dicho, \u00c1ngel y Jos\u00e9 mi m\u00e1s cordial enhorabuena, lo mismo que al Alcalde actual que ha sabido recuperar esta tradici\u00f3n en el Ayuntamiento, y a todos \u201cFelices Fiestas\u20192015\u201d y a disfrutar.<\/p>\n","protected":false},"excerpt":{"rendered":"<p>Con verdadero gusto le\u00eda el pasado s\u00e1bado que en el acto de imposici\u00f3n del pa\u00f1uelos previo al cohete y junto a m\u00fasicos locales, se quiso efectuar un reconocimiento\/homenaje a dos extrabajadores municipales recientemente jubilados, \u00c1ngel Ayerra y Jos\u00e9 L\u00f3pez. Me &hellip; <a href=\"https:\/\/elforodegares.com\/?p=2363\">Sigue leyendo <span class=\"meta-nav\">&rarr;<\/span><\/a><\/p>\n","protected":false},"author":1,"featured_media":0,"comment_status":"open","ping_status":"open","sticky":false,"template":"","format":"standard","meta":{"footnotes":""},"categories":[47],"tags":[],"class_list":["post-2363","post","type-post","status-publish","format-standard","hentry","category-personal-municipal"],"_links":{"self":[{"href":"https:\/\/elforodegares.com\/index.php?rest_route=\/wp\/v2\/posts\/2363","targetHints":{"allow":["GET"]}}],"collection":[{"href":"https:\/\/elforodegares.com\/index.php?rest_route=\/wp\/v2\/posts"}],"about":[{"href":"https:\/\/elforodegares.com\/index.php?rest_route=\/wp\/v2\/types\/post"}],"author":[{"embeddable":true,"href":"https:\/\/elforodegares.com\/index.php?rest_route=\/wp\/v2\/users\/1"}],"replies":[{"embeddable":true,"href":"https:\/\/elforodegares.com\/index.php?rest_route=%2Fwp%2Fv2%2Fcomments&post=2363"}],"version-history":[{"count":3,"href":"https:\/\/elforodegares.com\/index.php?rest_route=\/wp\/v2\/posts\/2363\/revisions"}],"predecessor-version":[{"id":2366,"href":"https:\/\/elforodegares.com\/index.php?rest_route=\/wp\/v2\/posts\/2363\/revisions\/2366"}],"wp:attachment":[{"href":"https:\/\/elforodegares.com\/index.php?rest_route=%2Fwp%2Fv2%2Fmedia&parent=2363"}],"wp:term":[{"taxonomy":"category","embeddable":true,"href":"https:\/\/elforodegares.com\/index.php?rest_route=%2Fwp%2Fv2%2Fcategories&post=2363"},{"taxonomy":"post_tag","embeddable":true,"href":"https:\/\/elforodegares.com\/index.php?rest_route=%2Fwp%2Fv2%2Ftags&post=2363"}],"curies":[{"name":"wp","href":"https:\/\/api.w.org\/{rel}","templated":true}]}}