{"id":2379,"date":"2015-08-24T10:07:40","date_gmt":"2015-08-24T08:07:40","guid":{"rendered":"http:\/\/elforodegares.com\/?p=2379"},"modified":"2015-08-24T10:07:40","modified_gmt":"2015-08-24T08:07:40","slug":"nueva-presidenta-en-la-mancomunidad-llegara-el-tiempo-del-cambio-y-la-transparencia","status":"publish","type":"post","link":"https:\/\/elforodegares.com\/?p=2379","title":{"rendered":"NUEVA PRESIDENTA EN LA MANCOMUNIDAD \u00bfLLEGARA EL TIEMPO DEL CAMBIO Y LA TRANSPARENCIA?"},"content":{"rendered":"<p style=\"text-align: justify;\">Esto si que ha sido el aferrarse al puesto hasta los \u00faltimos segundos, y ello si tenemos en cuenta que la constituci\u00f3n de la Junta General y la elecci\u00f3n de Presidenta de la Mancomunidad de Valdizarbe ha tenido lugar s\u00f3lo un d\u00eda antes de que venciese el plazo reglamentario y obligatorio de tres meses desde la celebraci\u00f3n de las elecciones municipales, aunque todo hay que decir que la ya expresidenta fue elegido pasado con creces (m\u00e1s de un mes) tal plazo m\u00e1ximo.<\/p>\n<p style=\"text-align: justify;\">Pero bueno parece que los responsables de la Mancomunidad han conseguido su prop\u00f3sito de malinformar y ocultar cualquier informaci\u00f3n a los vecinos, al menos por lo que a m\u00ed se refiere, dejando sin contestar solicitudes de informaci\u00f3n por mi presentadas como son: gastos que ha supuesto la Asesor\u00eda (\u00bf?) Medioambiental, vigencia de listados de contrataci\u00f3n de personal una vez transcurridos los plazos, Contrataci\u00f3n de la \u201cAsesor\u00eda Jur\u00eddica\u201d, cumplimiento de Resoluci\u00f3n del Tribunal Administrativo para contrataci\u00f3n legal de Secretar\u00eda, cuestiones sobre la recogida de materia org\u00e1nica y lugar de tratamiento, revisi\u00f3n de las contrataciones del gerente, del asesor medioambiental y secretar\u00eda, \u2026.; de las solicitudes, escritos, etc. presentados (algunos ya hace casi un a\u00f1o) s\u00f3lo las alegaciones presentadas ante las \u00faltimas modificaciones presupuestarias han merecido contestaci\u00f3n, aunque ello lo sea, vergonzosamente, para desestimarlas y dejarlas aprobadas definitivamente solo unos d\u00edas antes de que entraran los nuevos miembros de la Junta, dej\u00e1ndoles as\u00ed una herencia al m\u00e1s t\u00edpico estilo de. Rajoy con los Presupuestos y de lo que tanto se han quejado el resto de Grupos Parlamentarios, en un claro intento de que tales nuevos miembros no tengan ocasi\u00f3n alguna de considerar la correcci\u00f3n o no de tales movimientos presupuestarios.<\/p>\n<p style=\"text-align: justify;\">Confiemos que la nueva Presidenta, en aras a la transparencia y correcci\u00f3n de gesti\u00f3n que se deriva del programa con el que se ha presentado, se digne dar contestaci\u00f3n a mis escritos, as\u00ed como revisar los expedientes de modificaciones presupuestarias aludidos, sin dejar de lado la de la documentaci\u00f3n contable que les han facilitados, en la que se incluyen \u201cperlas\u201d como la de que no cuadre la cantidad que dice la Mancomunidad pagada a la Sociedad Limitada, con la que \u00e9sta declara como cobrada, o los m\u00e1s de 16.000 \u20ac ejecutados sin previsi\u00f3n presupuestaria alguna.<\/p>\n<p style=\"text-align: justify;\">Para terminar no quiero dejar de mencionar como se hincha de orgullo el Sr. Gerente cuando dice que de los nueve pleitos que he puesto a la Mancomunidad no he ganado ninguno, olvidando circunstancias como que dos de ellos fueron desistidos por mi (curiosamente los de Gesterlar y la limpieza viaria, los dos mayores fiascos de la Mancomunidad gestionados por \u00e9l), o los otros dos inadmitidos porque alegaron falsamente, en uno de ellos, que yo no era vecino de la Mancomunidad (cuando llevo, a diferencia de \u00e9l, mas de treinta a\u00f1os residiendo), y, en el otro, que yo no era contribuyente (tuviendose que tragar sus palabras cuando certificaron mi titularidad en la cuenta en que eran cargados los recibos), por no decir aquel sobre el IVA en el que, curiosamente, le dio a la Mancomunidad la raz\u00f3n el TAN, pero que a\u00f1os m\u00e1s tarde fue Hacienda Foral quien, considerando correcto mi criterio, abri\u00f3 expedientes sancionadores por dicho Impuesto que supusieron importante pagos a la Mancomunidad (\u00bffueron 150.000 \u20ac?), \u2026.., ante eso no nos cabe si no decir que \u00a1Qu\u00e9 majos estamos calladicos!<\/p>\n<p style=\"text-align: justify;\">No quiero terminar sin dar mi m\u00e1s cordial bienvenida a la nueva Presidenta dese\u00e1ndole que tenga el arrojo suficiente como para que esa \u201cMancomunidad de Valdizarbe\u201d deje de ser un aut\u00e9ntico \u201cAgujero negro\u201d en cuanto a la informaci\u00f3n.<\/p>\n","protected":false},"excerpt":{"rendered":"<p>Esto si que ha sido el aferrarse al puesto hasta los \u00faltimos segundos, y ello si tenemos en cuenta que la constituci\u00f3n de la Junta General y la elecci\u00f3n de Presidenta de la Mancomunidad de Valdizarbe ha tenido lugar s\u00f3lo &hellip; <a href=\"https:\/\/elforodegares.com\/?p=2379\">Sigue leyendo <span class=\"meta-nav\">&rarr;<\/span><\/a><\/p>\n","protected":false},"author":1,"featured_media":0,"comment_status":"open","ping_status":"open","sticky":false,"template":"","format":"standard","meta":{"footnotes":""},"categories":[28],"tags":[],"class_list":["post-2379","post","type-post","status-publish","format-standard","hentry","category-mancomunidad-de-valdizarbe"],"_links":{"self":[{"href":"https:\/\/elforodegares.com\/index.php?rest_route=\/wp\/v2\/posts\/2379","targetHints":{"allow":["GET"]}}],"collection":[{"href":"https:\/\/elforodegares.com\/index.php?rest_route=\/wp\/v2\/posts"}],"about":[{"href":"https:\/\/elforodegares.com\/index.php?rest_route=\/wp\/v2\/types\/post"}],"author":[{"embeddable":true,"href":"https:\/\/elforodegares.com\/index.php?rest_route=\/wp\/v2\/users\/1"}],"replies":[{"embeddable":true,"href":"https:\/\/elforodegares.com\/index.php?rest_route=%2Fwp%2Fv2%2Fcomments&post=2379"}],"version-history":[{"count":1,"href":"https:\/\/elforodegares.com\/index.php?rest_route=\/wp\/v2\/posts\/2379\/revisions"}],"predecessor-version":[{"id":2380,"href":"https:\/\/elforodegares.com\/index.php?rest_route=\/wp\/v2\/posts\/2379\/revisions\/2380"}],"wp:attachment":[{"href":"https:\/\/elforodegares.com\/index.php?rest_route=%2Fwp%2Fv2%2Fmedia&parent=2379"}],"wp:term":[{"taxonomy":"category","embeddable":true,"href":"https:\/\/elforodegares.com\/index.php?rest_route=%2Fwp%2Fv2%2Fcategories&post=2379"},{"taxonomy":"post_tag","embeddable":true,"href":"https:\/\/elforodegares.com\/index.php?rest_route=%2Fwp%2Fv2%2Ftags&post=2379"}],"curies":[{"name":"wp","href":"https:\/\/api.w.org\/{rel}","templated":true}]}}