{"id":2437,"date":"2016-01-31T19:58:12","date_gmt":"2016-01-31T17:58:12","guid":{"rendered":"http:\/\/elforodegares.com\/?p=2437"},"modified":"2016-01-31T20:00:19","modified_gmt":"2016-01-31T18:00:19","slug":"puede-haber-un-mayor-desprecio-al-euskera-que-el-que-ha-tenido-la-mancomunidad-de-valdizarbe","status":"publish","type":"post","link":"https:\/\/elforodegares.com\/?p=2437","title":{"rendered":"\u00bfPuede haber un mayor desprecio al Euskera que el que ha tenido la Mancomunidad de Valdizarbe con respecto a su Ordenanza?."},"content":{"rendered":"<p style=\"text-align: justify;\">Pues yo creo que no puede haberlo despu\u00e9s del efectuado por la \u201cMancomunidad de Valdizarbe\u201d con su p\u00e1gina Web y el anuncio de la convocatoria para una lista de contrataciones temporales para sustituciones de los peones en la ejecuci\u00f3n, seg\u00fan la Mancomunidad, de tareas \u201cno especialmente cualificadas\u201d.<\/p>\n<p style=\"text-align: justify;\">Tanto la convocatoria en si, como las bases de la convocatoria, son un dechado de verdaderas patadas a la legislaci\u00f3n, tanto a la legislaci\u00f3n sindical, a la Ley de la Transparencia, al mismo Convenio Colectivo suscrito en el 2009, y, lo que es ya de Juzgado de Guardia por su reiteraci\u00f3n, a la <em>\u201cOrdenanza reguladora del uso del euskera en el \u00e1mbito de la Mancomunidad de Valdizarbe-Izarbeibarko Mankomunitatea\u201d<\/em> (aprobada en el 2011, \u00a1es decir hace casi cinco a\u00f1os!), y de plena aplicaci\u00f3n en las actuaciones de la Sociedad de Servicios de la Mancomunidad, Entidad Mercantil P\u00fablica verdadera cortina de humo para la realizaci\u00f3n oscura de todos los desmanes en la gesti\u00f3n de la Mancomunidad, aunque esta vez parece que algo les ha puesto trabas insalvables, pues debe aplic\u00e1rse a tal Sociedad tanto la Ley de la Transparencia, como la citada Ordenanza del Euskera.<\/p>\n<p style=\"text-align: justify;\">En el escrito que acabo de presentar ante la Mancomunidad solicitando la declaraci\u00f3n de nulidad de la Convocatoria, voy rese\u00f1ando el incumplimiento de varios y diversos art\u00edculos de la Ordenanza, relaci\u00f3n que en ning\u00fan caso puede ser considerada como completa, pero que, quiz\u00e1s por lo cansos que son en esa Entidad, he preferido dejarla como est\u00e1, a ver si, cay\u00e9ndoseles la cara de verg\u00fcenza, son capaces de leer una Ordenanza\u00a0por <strong>ellos<\/strong> aprobada, aunque de su texto se colige que ni tan siquiera la leyeron inicialmente, limit\u00e1ndose a copiarla y a aprobarla sin darse cuenta ni de lo que aprobaban (\u00a1de que va tener la Mancomunidad empleados municipales!, por ejemplo).<\/p>\n<p>Intentare subir el escrito presentado para que pod\u00e1is juzgar m\u00e1s adecuadamente lo que he comentado.<\/p>\n<p><strong><a href=\"http:\/\/elforodegares.com\/wp-content\/uploads\/2016\/01\/Escrito-sobre-convoc-lista-sustituciones.pdf\">AQUI PUEDES LEER EL ESCRITO PRESENTADO Y JUZGAR POR TI MISMO LO DICHO<\/a><\/strong><\/p>\n<p>&nbsp;<\/p>\n","protected":false},"excerpt":{"rendered":"<p>Pues yo creo que no puede haberlo despu\u00e9s del efectuado por la \u201cMancomunidad de Valdizarbe\u201d con su p\u00e1gina Web y el anuncio de la convocatoria para una lista de contrataciones temporales para sustituciones de los peones en la ejecuci\u00f3n, seg\u00fan &hellip; <a href=\"https:\/\/elforodegares.com\/?p=2437\">Sigue leyendo <span class=\"meta-nav\">&rarr;<\/span><\/a><\/p>\n","protected":false},"author":1,"featured_media":0,"comment_status":"open","ping_status":"open","sticky":false,"template":"","format":"standard","meta":{"footnotes":""},"categories":[39,28],"tags":[],"class_list":["post-2437","post","type-post","status-publish","format-standard","hentry","category-euskera","category-mancomunidad-de-valdizarbe"],"_links":{"self":[{"href":"https:\/\/elforodegares.com\/index.php?rest_route=\/wp\/v2\/posts\/2437","targetHints":{"allow":["GET"]}}],"collection":[{"href":"https:\/\/elforodegares.com\/index.php?rest_route=\/wp\/v2\/posts"}],"about":[{"href":"https:\/\/elforodegares.com\/index.php?rest_route=\/wp\/v2\/types\/post"}],"author":[{"embeddable":true,"href":"https:\/\/elforodegares.com\/index.php?rest_route=\/wp\/v2\/users\/1"}],"replies":[{"embeddable":true,"href":"https:\/\/elforodegares.com\/index.php?rest_route=%2Fwp%2Fv2%2Fcomments&post=2437"}],"version-history":[{"count":4,"href":"https:\/\/elforodegares.com\/index.php?rest_route=\/wp\/v2\/posts\/2437\/revisions"}],"predecessor-version":[{"id":2442,"href":"https:\/\/elforodegares.com\/index.php?rest_route=\/wp\/v2\/posts\/2437\/revisions\/2442"}],"wp:attachment":[{"href":"https:\/\/elforodegares.com\/index.php?rest_route=%2Fwp%2Fv2%2Fmedia&parent=2437"}],"wp:term":[{"taxonomy":"category","embeddable":true,"href":"https:\/\/elforodegares.com\/index.php?rest_route=%2Fwp%2Fv2%2Fcategories&post=2437"},{"taxonomy":"post_tag","embeddable":true,"href":"https:\/\/elforodegares.com\/index.php?rest_route=%2Fwp%2Fv2%2Ftags&post=2437"}],"curies":[{"name":"wp","href":"https:\/\/api.w.org\/{rel}","templated":true}]}}