{"id":2443,"date":"2016-02-04T21:55:54","date_gmt":"2016-02-04T19:55:54","guid":{"rendered":"http:\/\/elforodegares.com\/?p=2443"},"modified":"2016-02-04T23:29:40","modified_gmt":"2016-02-04T21:29:40","slug":"cuando-el-reglamento-de-convivencia-del-colegio-se-rompe-por-quien-debe-custodiarlo","status":"publish","type":"post","link":"https:\/\/elforodegares.com\/?p=2443","title":{"rendered":"CUANDO EL REGLAMENTO DE CONVIVENCIA DEL COLEGIO SE  ROMPE POR QUIEN DEBE CUSTODIARLO"},"content":{"rendered":"<p style=\"text-align: justify;\">Hoy se ha publicado en Diario de Navarra una carta que narra una verdadera haza\u00f1a de la Sra. Directora del Colegio P\u00fablico de Puente la Reina, D\u00aa Epifan\u00eda Aracama, la carta, por si no hab\u00e9is podido leerla, es la siguiente:<\/p>\n<blockquote>\n<p style=\"text-align: justify;\"><em>En<\/em><em>\u00a0<\/em><em>relaci\u00f3n<\/em><em>\u00a0<\/em><em>a la<\/em><em>\u00a0<\/em><em>carta <\/em><em>publicada <\/em><em>en <\/em><em>este <\/em><em>medio <\/em><em>con <\/em><em>fecha <\/em><em>12 <\/em><em>de <\/em><em>noviem<\/em><em>bre <\/em><em>de <\/em><em>2015 <\/em><em>por Epifan\u00eda Aracama, directora\u00a0del\u00a0Colegio P\u00fablico Comarcal \u00a0de Puente la Reina, en las<\/em> <em>que<\/em> <em>niega<\/em> <em>la<\/em><em>\u00a0<\/em><em>entrega<\/em> <em>del<\/em><em>\u00a0libro<\/em><em> de<\/em><em>\u00a0<\/em><em>otra comunidad a los estudiantes<\/em> <em>tengo<\/em><em> que decir\u00a0lo\u00a0siguiente. En<\/em><em>\u00a0<\/em><em>primer<\/em> <em>lugar, que en\u00a0fecha\u00a014\u00a0de<\/em><em>\u00a0<\/em><em>septiembre<\/em><em> de\u00a02015\u00a0se\u00a0entrega a<\/em><em>\u00a0<\/em><em>los<\/em><em>\u00a0<\/em><em>alumnos<\/em><em>\u00a0<\/em><em>de<\/em><em>\u00a04\u00ba, 5\u00ba y 6\u00ba\u00a0 <\/em><em>de<\/em><em>\u00a0<\/em><em>Prima<\/em><em>ria<\/em><em>\u00a0<\/em><em>modelo<\/em><em>\u00a0<\/em><em>G<\/em><em>\u00a0(castellano) el\u00a0libro<\/em><em>\u00a0<\/em><em>de <\/em><em>Ciencias<\/em><em> Sociales edici\u00f3n Pa\u00eds<\/em> <em>Vasco.<\/em> <em>Consultado<\/em> <em>con<\/em> <em>el<\/em> <em>centro<\/em> <em>se<\/em> <em>obtiene<\/em><em>\u00a0<\/em><em>respuesta<\/em> <em>refiri\u00e9ndose<\/em><em>\u00a0<\/em><em>que<\/em> <em>en<\/em><em>\u00a0<\/em><em>el<\/em><em>\u00a0<\/em><em>\u00faltimo<\/em><em>\u00a0<\/em><em>claustro<\/em><em>\u00a0<\/em><em>celebra<\/em><em>do<\/em><em>\u00a0en\u00a0junio, se\u00a0solicitaron\u00a0los\u00a0libros edici\u00f3n\u00a0Pa\u00eds\u00a0Vasco, por indisponibilidad de\u00a0los\u00a0libros\u00a0edici\u00f3n<\/em><em>\u00a0<\/em><em>Navarra.<\/em> <em>Consultada<\/em> <em>el\u00a0<\/em><em>website de la editorial, se comprueba la disponibilidad de ejemplares edici\u00f3n Navarra. Asimismo, se realiza la misma comprobaci\u00f3n con varias librer\u00edas de Pamplona donde se comprueba la disponibilidad de los libros con un plazo de entrega de una semana. Puesto en conocimiento de la tutora de 4\u00ba de Primaria, \u00e9sta solicita la edici\u00f3n Navarra directamente a la editorial, ante la pasividad de la direcci\u00f3n del centro. Tambi\u00e9n se pone en conocimiento del antiguo consejero de Educaci\u00f3n, Alberto Catal\u00e1n, y del parlamentario Carlos Gimeno para que planteen las oportunas preguntas en el Parlamento de Navarra. Con fecha 26 de octubre, aproximadamente, se entrega a los alumnos el libro de Ciencias Sociales edici\u00f3n Navarra y se procede a retirar la edici\u00f3n Pa\u00eds Vasco. Por tanto, tengo que decir que las\u00a0afirmaciones\u00a0de la se\u00f1ora Aracama son equivocadas\u00a0y no se atienen a la realidad. De todo cuanto aqu\u00ed se ha citado existen pruebas fotogr\u00e1ficas y testigos que pueden corroborarlo.<\/em><\/p>\n<\/blockquote>\n<p style=\"text-align: right;\"><em>ANA CERON MART\u00cdNEZ<\/em><\/p>\n<p>Verdaderamente lamentable esta actuaci\u00f3n de la Directora del Colegio P\u00fablico, quien considero que, entre sus funciones, estar\u00e1 velar por el cumplimiento del denominado \u201c<strong>Reglamento de Convivencia<\/strong>\u201d del Centro (accesible por la propia Web) en el que, entre otros muchos extremos, figura:<\/p>\n<blockquote><p><em><span style=\"color: #ff0000;\"><strong>Art\u00edculo 14,<\/strong> <strong>Conductas contrarias a la convivencia<\/strong><\/span>.<\/em><\/p>\n<p><em>\u00a0 \u00a0 \u00a0 \u00a0 \u00a0 \u00a0 i) <span style=\"color: #ff0000;\"><strong>Mentir o dar informaci\u00f3n falsa\u00a0intencionadamente\u00a0al personal del Centro<\/strong><\/span>.<\/em><\/p><\/blockquote>\n<p>Oye, pues eso, que creo que sobra cualquier comentario, aunque una buena explicaci\u00f3n si que nos merecemos, si a\u00fan queremos seguir pregonando la calidad de la \u00abEnse\u00f1anza P\u00fablica\u00bb.<\/p>\n<p>&nbsp;<\/p>\n","protected":false},"excerpt":{"rendered":"<p>Hoy se ha publicado en Diario de Navarra una carta que narra una verdadera haza\u00f1a de la Sra. Directora del Colegio P\u00fablico de Puente la Reina, D\u00aa Epifan\u00eda Aracama, la carta, por si no hab\u00e9is podido leerla, es la siguiente: &hellip; <a href=\"https:\/\/elforodegares.com\/?p=2443\">Sigue leyendo <span class=\"meta-nav\">&rarr;<\/span><\/a><\/p>\n","protected":false},"author":1,"featured_media":0,"comment_status":"open","ping_status":"open","sticky":false,"template":"","format":"standard","meta":{"footnotes":""},"categories":[35],"tags":[],"class_list":["post-2443","post","type-post","status-publish","format-standard","hentry","category-colegio-comarcal"],"_links":{"self":[{"href":"https:\/\/elforodegares.com\/index.php?rest_route=\/wp\/v2\/posts\/2443","targetHints":{"allow":["GET"]}}],"collection":[{"href":"https:\/\/elforodegares.com\/index.php?rest_route=\/wp\/v2\/posts"}],"about":[{"href":"https:\/\/elforodegares.com\/index.php?rest_route=\/wp\/v2\/types\/post"}],"author":[{"embeddable":true,"href":"https:\/\/elforodegares.com\/index.php?rest_route=\/wp\/v2\/users\/1"}],"replies":[{"embeddable":true,"href":"https:\/\/elforodegares.com\/index.php?rest_route=%2Fwp%2Fv2%2Fcomments&post=2443"}],"version-history":[{"count":2,"href":"https:\/\/elforodegares.com\/index.php?rest_route=\/wp\/v2\/posts\/2443\/revisions"}],"predecessor-version":[{"id":2445,"href":"https:\/\/elforodegares.com\/index.php?rest_route=\/wp\/v2\/posts\/2443\/revisions\/2445"}],"wp:attachment":[{"href":"https:\/\/elforodegares.com\/index.php?rest_route=%2Fwp%2Fv2%2Fmedia&parent=2443"}],"wp:term":[{"taxonomy":"category","embeddable":true,"href":"https:\/\/elforodegares.com\/index.php?rest_route=%2Fwp%2Fv2%2Fcategories&post=2443"},{"taxonomy":"post_tag","embeddable":true,"href":"https:\/\/elforodegares.com\/index.php?rest_route=%2Fwp%2Fv2%2Ftags&post=2443"}],"curies":[{"name":"wp","href":"https:\/\/api.w.org\/{rel}","templated":true}]}}