{"id":2453,"date":"2016-02-05T11:33:49","date_gmt":"2016-02-05T09:33:49","guid":{"rendered":"http:\/\/elforodegares.com\/?p=2453"},"modified":"2016-02-10T10:58:00","modified_gmt":"2016-02-10T08:58:00","slug":"cuando-la-transparencia-en-la-gestion-se-traduce-en-informar-poco-y-mal-cuando-no-con-mentiras","status":"publish","type":"post","link":"https:\/\/elforodegares.com\/?p=2453","title":{"rendered":"CUANDO LA TRANSPARENCIA EN LA GESTION SE TRADUCE EN INFORMAR POCO Y FALAZMENTE"},"content":{"rendered":"<p style=\"text-align: justify;\">El 3 de agosto de 2015 se me ocurri\u00f3 (\u00a1vaya ocurrencia absurda a tenor de la total falta de contestaci\u00f3n a mis escritos!) preguntar, entre cuatro apartados relativos a la implantaci\u00f3n y tratamiento de la \u201cMateria Org\u00e1nica\u201d, los siguientes extremos<\/p>\n<p style=\"text-align: justify;\"><em>1\u00aa.- \u00bfCu\u00e1les y porque <strong><u>importes figuran las partidas presupuestarias correspondientes a la implantaci\u00f3n del 5\u00aa\u00a0<\/u><\/strong><b><u>contenedor<\/u><\/b>?, \u00bf<strong><u>Cu\u00e1les han sido las cuant\u00edas de las inversiones y\/o contrataciones derivadas del mismo concepto<\/u><\/strong>?, \u00bfCu\u00e1les son los procedimientos de selecci\u00f3n y\/o adjudicaci\u00f3n de las mismas?.<\/em><\/p>\n<p style=\"text-align: justify;\">Ya era el d\u00eda 30 de diciembre, cuando la Sra. Presidenta de la Mancomunidad (\u00a1si esa misma que tanta transparencia promet\u00eda!), cuando se digno contestar a esa p\u00e1rrafo, pues dej\u00f3 los otros tres sin contestaci\u00f3n alguna, con la siguiente informaci\u00f3n:<\/p>\n<ul style=\"text-align: justify;\">\n<li><strong>Inversi\u00f3n estimada<\/strong> en tapas, llaves, etc. seg\u00fan informe de nuestros flamantes gerente y Responsable de Residuos y Medio Ambiente (menudo cargo para quien s\u00f3lo sabe \u00e9l como y cuando fue nombrado) : <strong>30.000 Euros + IVA<\/strong><\/li>\n<li><strong>Importe de Adjudicaci\u00f3n<\/strong> a la Empresa Contenur Espa\u00f1a, S.L. : <strong>26,320 Euros + IVA<\/strong><\/li>\n<\/ul>\n<p style=\"text-align: justify;\">Pero \u00a1hete aqu\u00ed! que hoy leo en el Diario de Navarra en la noticia de la implantaci\u00f3n de la recogida de materia org\u00e1nica en la Mancomunidad (oye \u00bfCu\u00e1ntas presentaciones van ya sobre el mismo tema con foto y aperitivo incluidos?) veo los siguientes datos que han costado la implantaci\u00f3n de la recogida:<\/p>\n<p style=\"text-align: justify;\"><em>\u201c<span style=\"color: #ff0000;\"><strong>La implantaci\u00f3n de este sistema de recogida ha supuesto un coste total de 69.600 euros<\/strong><\/span>, de los que 18.000 corresponden a gastos de personal; 41.600 a gastos de log\u00edsticas \u2013tapas, cubos, cerraduras, etc., y 10.000 euros a los gastos de la campa\u00f1a de sensibilizaci\u00f3n\u201d.<\/em><\/p>\n<p style=\"text-align: justify;\">Ole, as\u00ed \u00a1con dos narices!, total que<strong><span style=\"color: #800000;\"> nos ha costado el doble de lo presupuestado y de lo que me informaron<\/span><\/strong>, y \u00a1aqu\u00ed no ha pasado nada!, ni una m\u00edsera explicaci\u00f3n a tan burda falacia, ni la m\u00e1s b\u00e1sica modificaci\u00f3n presupuestaria, y no vengamos a decir que lo que se me facilitaba eran s\u00f3lo los datos de los contenedores, pues ni tan solo ellos son ni parecidos (26.320 no es igual a 41.600), porque lo que se ped\u00eda era la informaci\u00f3n sobre la \u201cimplantaci\u00f3n\u201d, no de la \u201cadecuaci\u00f3n\u201d, y quien no quiera, o sepa, entender la diferencia de ambos t\u00e9rminos mejor sea que se quede en su casa.<\/p>\n","protected":false},"excerpt":{"rendered":"<p>El 3 de agosto de 2015 se me ocurri\u00f3 (\u00a1vaya ocurrencia absurda a tenor de la total falta de contestaci\u00f3n a mis escritos!) preguntar, entre cuatro apartados relativos a la implantaci\u00f3n y tratamiento de la \u201cMateria Org\u00e1nica\u201d, los siguientes extremos &hellip; <a href=\"https:\/\/elforodegares.com\/?p=2453\">Sigue leyendo <span class=\"meta-nav\">&rarr;<\/span><\/a><\/p>\n","protected":false},"author":1,"featured_media":0,"comment_status":"open","ping_status":"open","sticky":false,"template":"","format":"standard","meta":{"footnotes":""},"categories":[28],"tags":[],"class_list":["post-2453","post","type-post","status-publish","format-standard","hentry","category-mancomunidad-de-valdizarbe"],"_links":{"self":[{"href":"https:\/\/elforodegares.com\/index.php?rest_route=\/wp\/v2\/posts\/2453","targetHints":{"allow":["GET"]}}],"collection":[{"href":"https:\/\/elforodegares.com\/index.php?rest_route=\/wp\/v2\/posts"}],"about":[{"href":"https:\/\/elforodegares.com\/index.php?rest_route=\/wp\/v2\/types\/post"}],"author":[{"embeddable":true,"href":"https:\/\/elforodegares.com\/index.php?rest_route=\/wp\/v2\/users\/1"}],"replies":[{"embeddable":true,"href":"https:\/\/elforodegares.com\/index.php?rest_route=%2Fwp%2Fv2%2Fcomments&post=2453"}],"version-history":[{"count":4,"href":"https:\/\/elforodegares.com\/index.php?rest_route=\/wp\/v2\/posts\/2453\/revisions"}],"predecessor-version":[{"id":2460,"href":"https:\/\/elforodegares.com\/index.php?rest_route=\/wp\/v2\/posts\/2453\/revisions\/2460"}],"wp:attachment":[{"href":"https:\/\/elforodegares.com\/index.php?rest_route=%2Fwp%2Fv2%2Fmedia&parent=2453"}],"wp:term":[{"taxonomy":"category","embeddable":true,"href":"https:\/\/elforodegares.com\/index.php?rest_route=%2Fwp%2Fv2%2Fcategories&post=2453"},{"taxonomy":"post_tag","embeddable":true,"href":"https:\/\/elforodegares.com\/index.php?rest_route=%2Fwp%2Fv2%2Ftags&post=2453"}],"curies":[{"name":"wp","href":"https:\/\/api.w.org\/{rel}","templated":true}]}}