{"id":2521,"date":"2016-05-06T17:16:58","date_gmt":"2016-05-06T15:16:58","guid":{"rendered":"http:\/\/elforodegares.com\/?p=2521"},"modified":"2016-05-06T17:17:17","modified_gmt":"2016-05-06T15:17:17","slug":"comienzan-los-recursos-por-nombramientos-en-la-mancomunidad-de-valdizarbe","status":"publish","type":"post","link":"https:\/\/elforodegares.com\/?p=2521","title":{"rendered":"COMIENZAN LOS RECURSOS POR NOMBRAMIENTOS EN LA MANCOMUNIDAD DE VALDIZARBE"},"content":{"rendered":"<p style=\"text-align: justify;\">\u00bfC\u00f3mo puede considerarse correcta la gesti\u00f3n de la Mancomunidad en temas de Personal?, ya es l\u00e1stima que la total negativa de su Presidenta y Gestores de la misma desemboque en que la cuesti\u00f3n haya acabado, por ahora y con car\u00e1cter previo a judicializarse, en recursos administrativos, y ello por cuanto se refiere a la provisi\u00f3n del \u201cResponsable de Residuos y Asesor\u00eda medioambiental\u201d y a la del \u201cSecretario-Interventor de la Mancomunidad\u201d.<\/p>\n<p>As\u00ed se han interpuesto:<\/p>\n<ul>\n<li style=\"text-align: justify;\"><span style=\"text-decoration: underline; color: #ff0000;\"><strong>RECURSO DE REPOSICION<\/strong><\/span> sobre la provisi\u00f3n de la plaza de \u201cResponsable de Residuos y Asesor\u00eda medioambiental\u201d, y ello por haberse seleccionado y nombrado con car\u00e1cter previo a que se crease reglamentariamente tal plaza, y solicit\u00e1ndose la declaraci\u00f3n de nulidad de tal provisi\u00f3n y devoluci\u00f3n de cantidades pagadas sin reglamentaria consignaci\u00f3n presupuestaria.\u00a0<strong style=\"font-size: 1em; line-height: 1.5em;\"><a href=\"http:\/\/elforodegares.com\/wp-content\/uploads\/2016\/05\/05.-Recurso-Reposicion-Nombramiento-Resp-MAmb.pdf\" rel=\"\">AQUI PUEDES LEER EL RECURSO DE REPOSICI\u00d3N<\/a><\/strong><\/li>\n<li style=\"text-align: justify;\"><span style=\"text-decoration: underline; color: #ff0000;\"><strong>RECURSO DE ALZADA<\/strong><\/span> ante el Tribunal Administrativo de Navarra sobre la convocatoria de \u201cSecretario-Interventor de la M<a href=\"http:\/\/elforodegares.com\/wp-content\/uploads\/2016\/05\/Rec-al-TAN-Convoc-Secretario-2.5.2016.pdf\" rel=\"\">Rec al TAN Convoc Secretario 2.5.2016<\/a>ancomunidad\u201d, solicitando la nulidad de la misma al haber sido realizada por \u00f3rgano manifiestamente incompetente y sin seguir el procedimiento establecido.\u00a0<strong><a href=\"http:\/\/elforodegares.com\/wp-content\/uploads\/2016\/05\/Rec-al-TAN-Convoc-Secretario-2.5.2016.pdf\" rel=\"\">AQUI PUEDES LEER EL RECURSO DE ALZADA<\/a><\/strong><\/li>\n<\/ul>\n<p style=\"text-align: justify;\">Y he comentado que tales recursos administrativos lo son como una primera fase, dado que, a la luz de sus resultados y actuaciones de la Mancomunidad, existe la plena intenci\u00f3n de acudir a la Jurisdicci\u00f3n Contencioso Administrativa en orden a lograr la plena nulidad de ambos procesos y nombramientos.<\/p>\n<p style=\"text-align: justify;\">Confiemos que esa irregular forma de actuar no se incremente con una posible contrataci\u00f3n en la Secci\u00f3n de Aguas en la persona que conste en una lista de contrataciones efectuada ya hace ocho a\u00f1os y que, a diferencia de la que han vuelto a convocar para peones de residuos, alguien pretende mantener vigente aunque se haya sobrepasado con creces el plazo de vigencia que la normativa se\u00f1ala para tales listas en el \u00e1mbito de la Administraci\u00f3n de la Comunidad de Navarra, y ello aunque tal pr\u00f3xima persona a contratar ostente el \u201cgran merito\u201d de ser familiar de alg\u00fan gestor de la Mancomunidad o de su Sociedad firmemente ofuscado en mantener tal validez.<\/p>\n","protected":false},"excerpt":{"rendered":"<p>\u00bfC\u00f3mo puede considerarse correcta la gesti\u00f3n de la Mancomunidad en temas de Personal?, ya es l\u00e1stima que la total negativa de su Presidenta y Gestores de la misma desemboque en que la cuesti\u00f3n haya acabado, por ahora y con car\u00e1cter &hellip; <a href=\"https:\/\/elforodegares.com\/?p=2521\">Sigue leyendo <span class=\"meta-nav\">&rarr;<\/span><\/a><\/p>\n","protected":false},"author":1,"featured_media":0,"comment_status":"open","ping_status":"open","sticky":false,"template":"","format":"standard","meta":{"footnotes":""},"categories":[28],"tags":[],"class_list":["post-2521","post","type-post","status-publish","format-standard","hentry","category-mancomunidad-de-valdizarbe"],"_links":{"self":[{"href":"https:\/\/elforodegares.com\/index.php?rest_route=\/wp\/v2\/posts\/2521","targetHints":{"allow":["GET"]}}],"collection":[{"href":"https:\/\/elforodegares.com\/index.php?rest_route=\/wp\/v2\/posts"}],"about":[{"href":"https:\/\/elforodegares.com\/index.php?rest_route=\/wp\/v2\/types\/post"}],"author":[{"embeddable":true,"href":"https:\/\/elforodegares.com\/index.php?rest_route=\/wp\/v2\/users\/1"}],"replies":[{"embeddable":true,"href":"https:\/\/elforodegares.com\/index.php?rest_route=%2Fwp%2Fv2%2Fcomments&post=2521"}],"version-history":[{"count":2,"href":"https:\/\/elforodegares.com\/index.php?rest_route=\/wp\/v2\/posts\/2521\/revisions"}],"predecessor-version":[{"id":2525,"href":"https:\/\/elforodegares.com\/index.php?rest_route=\/wp\/v2\/posts\/2521\/revisions\/2525"}],"wp:attachment":[{"href":"https:\/\/elforodegares.com\/index.php?rest_route=%2Fwp%2Fv2%2Fmedia&parent=2521"}],"wp:term":[{"taxonomy":"category","embeddable":true,"href":"https:\/\/elforodegares.com\/index.php?rest_route=%2Fwp%2Fv2%2Fcategories&post=2521"},{"taxonomy":"post_tag","embeddable":true,"href":"https:\/\/elforodegares.com\/index.php?rest_route=%2Fwp%2Fv2%2Ftags&post=2521"}],"curies":[{"name":"wp","href":"https:\/\/api.w.org\/{rel}","templated":true}]}}