{"id":2546,"date":"2016-09-05T13:36:40","date_gmt":"2016-09-05T11:36:40","guid":{"rendered":"http:\/\/elforodegares.com\/?p=2546"},"modified":"2016-09-05T14:02:35","modified_gmt":"2016-09-05T12:02:35","slug":"eh-bildu-y-la-asistencia-de-la-corporacion-a-los-actos-religiosos","status":"publish","type":"post","link":"https:\/\/elforodegares.com\/?p=2546","title":{"rendered":"EH BILDU Y LA ASISTENCIA DE LA CORPORACI\u00d3N A LOS ACTOS RELIGIOSOS"},"content":{"rendered":"<p style=\"text-align: justify;\">En la rese\u00f1a del Pleno de 9 de Julio de 2016, que podemos ver en la pagina \u201coficiosa\u201d del Ayuntamiento (Garesko Auzalan), pues dada la f\u00e9rrea defensa del mismo sobre la transparencia de la gesti\u00f3n, que genera que todav\u00eda hoy no pueda accederse al acta en la pagina oficial, \u00a1y eso que estamos hablando de hace ya tres meses!, se lee la siguiente rese\u00f1a:<\/p>\n<blockquote>\n<p style=\"text-align: justify;\">Moci\u00f3n A): \u00a0EH Bildu Gares: Declaraci\u00f3n del Ayuntamiento de Gares como instituci\u00f3n laica<\/p>\n<p style=\"text-align: justify;\">Presentada por EH Bildu se vota el primer punto referido a respetar la laicidad en base al principio de igualdad que recibe la unanimidad, 11 votos.<\/p>\n<p style=\"text-align: justify;\">-En el segundo punto en el que se ped\u00eda acudir solamente a las actos de car\u00e1cter civil como el saludo de banderas y el riau-riau, tras un debate, s\u00f3lo recibe los votos a favor de EH Bildu, (4 votos), en contra los de X.Rada y A.Puentesina (6 votos) y una abstenci\u00f3n de Bruno (UPN)<\/p>\n<p style=\"text-align: justify;\">-Recibe la unanimidad de los votos, 11, la revocaci\u00f3n de acuerdos anteriores\u00a0 sobre la asistencia \u00abobligatoria\u00bb a las procesiones.<\/p>\n<p style=\"text-align: justify;\">El resto de puntos ya no se entran a votar al dejar de tener sentido por el resultado de las anteriores votaciones.<\/p>\n<p style=\"text-align: justify;\">Desde la Alcald\u00eda y a la vista de los resultados,\u00a0 se informa que su grupo, EH Bildu acudir\u00e1 s\u00f3lo a los actos considerados civiles (saludo banderas y riau-riau) y que la bandera municipal pasar\u00e1 al siguiente concejal m\u00e1s joven.<\/p>\n<\/blockquote>\n<p style=\"text-align: justify;\">Tal moci\u00f3n ven\u00eda acordada por \u201cEH Bildu Gares\u201d en las reuniones mantenidas con tan fausto\u00a0motivo el 16 de mayo de 2016 (15 asistentes) y 30 de junio de 2016 (16 asistentes), escasa asistencia como atribuir a tales reuniones el car\u00e1cter de \u201cConsulta Popular de los Puentesinos\u201d (\u00a1de todos! Y no s\u00f3lo de mis amigos), tal como se hab\u00edan comprometido en el Pacto por la Alcald\u00eda suscrito entre \u201cEH Bildu Gares\u201d y \u00abAgrupaci\u00f3n Puentesina\u00bb en las elecciones municipales del 2015, en el que puede leerse:<\/p>\n<ol style=\"text-align: justify;\" start=\"5\">\n<li><em> EH Bildu Gares mantendr\u00e1 y respetar\u00e1 las Costumbres y Ritos que desde tiempos remotos se vienen celebrando en nuestra Villa, a los que asiste la Corporaci\u00f3n Municipal, respetando siempre la Objeci\u00f3n de Conciencia de los Corporativos. <strong><u>Cualquier modificaci\u00f3n de estas, ser\u00e1 sometidas a Consulta Popular de los Puentesinos.<\/u><\/strong><\/em><\/li>\n<\/ol>\n<p style=\"text-align: justify;\">Personalmente me da absolutamente igual quien va, o no, a los actos religiosos y oficiales, pues la asistencia \u201cobligada\u201d es aun peor que la no asistencia, pero lo que no puedo compartir, ni comparto, es la mentira y el incumplimiento de las promesas electorales, y lo dice quien fue objeto de advertencia en Pleno por un miembro de Agrupaci\u00f3n Puentesina; \u00a0de que, como Secretario, ten\u00eda la obligaci\u00f3n de asistir a los actos religiosos, \u00a1toma casta\u00f1a!.<\/p>\n<p style=\"text-align: justify;\">Y ante tal incumplimiento del pacto, nada mejor que callar y dejar pasar la bola, tanto los convidados de piedra de \u00abXimenez de Rada\u00bb, como uno de los firmantes del pacto (a lo que habr\u00eda que preguntarse si se enteraron de lo que firmaban, y para que lo hac\u00edan)<\/p>\n<p style=\"text-align: justify;\">Y qu\u00e9 Sr. Alcalde, \u00bfincluimos este en la parte del programa que dice cumplido en m\u00e1s del 50%?, o mejor \u00bflo dejamos corre?<\/p>\n","protected":false},"excerpt":{"rendered":"<p>En la rese\u00f1a del Pleno de 9 de Julio de 2016, que podemos ver en la pagina \u201coficiosa\u201d del Ayuntamiento (Garesko Auzalan), pues dada la f\u00e9rrea defensa del mismo sobre la transparencia de la gesti\u00f3n, que genera que todav\u00eda hoy &hellip; <a href=\"https:\/\/elforodegares.com\/?p=2546\">Sigue leyendo <span class=\"meta-nav\">&rarr;<\/span><\/a><\/p>\n","protected":false},"author":1,"featured_media":0,"comment_status":"open","ping_status":"open","sticky":false,"template":"","format":"standard","meta":{"footnotes":""},"categories":[53,37,48,38],"tags":[],"class_list":["post-2546","post","type-post","status-publish","format-standard","hentry","category-agrupacion-puentesina-2","category-alcaldia","category-bildu","category-promesas-electorales"],"_links":{"self":[{"href":"https:\/\/elforodegares.com\/index.php?rest_route=\/wp\/v2\/posts\/2546","targetHints":{"allow":["GET"]}}],"collection":[{"href":"https:\/\/elforodegares.com\/index.php?rest_route=\/wp\/v2\/posts"}],"about":[{"href":"https:\/\/elforodegares.com\/index.php?rest_route=\/wp\/v2\/types\/post"}],"author":[{"embeddable":true,"href":"https:\/\/elforodegares.com\/index.php?rest_route=\/wp\/v2\/users\/1"}],"replies":[{"embeddable":true,"href":"https:\/\/elforodegares.com\/index.php?rest_route=%2Fwp%2Fv2%2Fcomments&post=2546"}],"version-history":[{"count":5,"href":"https:\/\/elforodegares.com\/index.php?rest_route=\/wp\/v2\/posts\/2546\/revisions"}],"predecessor-version":[{"id":2551,"href":"https:\/\/elforodegares.com\/index.php?rest_route=\/wp\/v2\/posts\/2546\/revisions\/2551"}],"wp:attachment":[{"href":"https:\/\/elforodegares.com\/index.php?rest_route=%2Fwp%2Fv2%2Fmedia&parent=2546"}],"wp:term":[{"taxonomy":"category","embeddable":true,"href":"https:\/\/elforodegares.com\/index.php?rest_route=%2Fwp%2Fv2%2Fcategories&post=2546"},{"taxonomy":"post_tag","embeddable":true,"href":"https:\/\/elforodegares.com\/index.php?rest_route=%2Fwp%2Fv2%2Ftags&post=2546"}],"curies":[{"name":"wp","href":"https:\/\/api.w.org\/{rel}","templated":true}]}}