{"id":2590,"date":"2017-06-18T19:27:17","date_gmt":"2017-06-18T17:27:17","guid":{"rendered":"http:\/\/elforodegares.com\/?p=2590"},"modified":"2021-07-28T19:16:10","modified_gmt":"2021-07-28T17:16:10","slug":"2a-parte-de-punto-limpio-de-la-mancomunidad-las-evidentes-ilegalidades","status":"publish","type":"post","link":"https:\/\/elforodegares.com\/?p=2590","title":{"rendered":"2\u00aa PARTE DE PUNTO LIMPIO DE LA MANCOMUNIDAD  &#8211;  LAS EVIDENTES ILEGALIDADES"},"content":{"rendered":"<p style=\"text-align: justify;\">Vale que hagan caso omiso a las solicitudes de informaci\u00f3n que vienen obligados a dar, lo cual me llevara a emprender el camino que corresponda ante los claros incumplimientos de la Ley de Administraci\u00f3n Local y de la Ley de la Transparencia; \u00a1curiosa palabrita la de \u201ctransparencia\u201d que tantas veces se emplean en el Ayuntamiento y la Mancomunidad!, aunque la verdad no se si se han parado a leer las obligaciones legales que ello comporta su cumplimiento, y ello ante la evidencia de su total incumplimiento por parte de los responsables de ambas Entidades.<\/p>\n<p style=\"text-align: justify;\">Pero bueno, dejemos de lado tal negativa a facilitar tal informaci\u00f3n, y pasemos a ILEGALIDADES bastante m\u00e1s serias realizados en total complicidad entre las Entidades citadas, pues el mismo d\u00eda en que se anunciaba en la prensa \u201ca bombo y platillo\u201d el acuerdo de cesi\u00f3n por el Ayuntamiento a la Mancomunidad de una parcela dotacional en el Pol\u00edgono Aloa con la finalidad de implantar un \u201cpunto limpio\u201d dan comienzo las obras de implantaci\u00f3n, para las que es m\u00e1s que previsible que no tengan otorgadas las Licencias y\/o Autorizaciones que, desde los puntos de vista urban\u00edstico y medioambiental, son obligatorias, lo cual constituye varias infracciones graves.<\/p>\n<p style=\"text-align: justify;\">Ante esta situaci\u00f3n, efectuada con la pasividad (\u00a1cuando no connivencia!) de la Alcald\u00eda he presentado una denuncia ante \u00e9sta, y ello como primer paso antes de hacerlo ante la Inspecci\u00f3n del Gobierno de Navarra, se\u00f1alando que las responsabilidades de ejecutar obras sin licencia recaen en el Promotor, Constructor y Direcci\u00f3n de las mismas, al margen de las que recaen en el Alcalde que no ejercita sus facultades de paralizaci\u00f3n y solicitud de responsabilidades.<\/p>\n<p style=\"text-align: justify;\">Y ya que hablamos de responsabilidades no podemos dejar de lado las que corresponder\u00e1n a autoridades (Presidenta, Miembros Junta Rectora, etc..) y personal (Secretar\u00eda, Intervenci\u00f3n, ..) de la Mancomunidad por haber realizado una contrataci\u00f3n de una obra de forma totalmente ilegal (sin partida presupuestaria habilitante, sin informes t\u00e9cnicos, sin respeto a los plazos, sujeta a una Ley inaplicable, etc.) al margen de la total legalidad, y todo ello ante una simple solicitud por parte del Constructor-Adjudicatario y que puede llegar a un m\u00e1ximo del 15% del valor del proyecto.<\/p>\n<p style=\"text-align: justify;\">Bueno confiemos que entre el sentido com\u00fan en nuestros fant\u00e1sticos dirigente, gerentes y asesores medioambientales y pongan punto final a este inmenso desatino, y que, \u00a1de una vez por todas! comiencen a dar toda la informaci\u00f3n y no \u201cguard\u00e1rsela\u201d llamando a las cosas por su nombre, como, por ejemplo, decir que <strong>m\u00e1s que un punto limpio, bien pudiera llamarse \u201cestaci\u00f3n de transferencia de residuos\u201d lindante a una industria alimenticia y a una vivienda<\/strong>.<\/p>\n","protected":false},"excerpt":{"rendered":"<p>Vale que hagan caso omiso a las solicitudes de informaci\u00f3n que vienen obligados a dar, lo cual me llevara a emprender el camino que corresponda ante los claros incumplimientos de la Ley de Administraci\u00f3n Local y de la Ley de &hellip; <a href=\"https:\/\/elforodegares.com\/?p=2590\">Sigue leyendo <span class=\"meta-nav\">&rarr;<\/span><\/a><\/p>\n","protected":false},"author":1,"featured_media":0,"comment_status":"open","ping_status":"open","sticky":false,"template":"","format":"standard","meta":{"footnotes":""},"categories":[37,28,41],"tags":[],"class_list":["post-2590","post","type-post","status-publish","format-standard","hentry","category-alcaldia","category-mancomunidad-de-valdizarbe","category-urbanismo"],"_links":{"self":[{"href":"https:\/\/elforodegares.com\/index.php?rest_route=\/wp\/v2\/posts\/2590","targetHints":{"allow":["GET"]}}],"collection":[{"href":"https:\/\/elforodegares.com\/index.php?rest_route=\/wp\/v2\/posts"}],"about":[{"href":"https:\/\/elforodegares.com\/index.php?rest_route=\/wp\/v2\/types\/post"}],"author":[{"embeddable":true,"href":"https:\/\/elforodegares.com\/index.php?rest_route=\/wp\/v2\/users\/1"}],"replies":[{"embeddable":true,"href":"https:\/\/elforodegares.com\/index.php?rest_route=%2Fwp%2Fv2%2Fcomments&post=2590"}],"version-history":[{"count":1,"href":"https:\/\/elforodegares.com\/index.php?rest_route=\/wp\/v2\/posts\/2590\/revisions"}],"predecessor-version":[{"id":2591,"href":"https:\/\/elforodegares.com\/index.php?rest_route=\/wp\/v2\/posts\/2590\/revisions\/2591"}],"wp:attachment":[{"href":"https:\/\/elforodegares.com\/index.php?rest_route=%2Fwp%2Fv2%2Fmedia&parent=2590"}],"wp:term":[{"taxonomy":"category","embeddable":true,"href":"https:\/\/elforodegares.com\/index.php?rest_route=%2Fwp%2Fv2%2Fcategories&post=2590"},{"taxonomy":"post_tag","embeddable":true,"href":"https:\/\/elforodegares.com\/index.php?rest_route=%2Fwp%2Fv2%2Ftags&post=2590"}],"curies":[{"name":"wp","href":"https:\/\/api.w.org\/{rel}","templated":true}]}}