{"id":2611,"date":"2017-08-19T17:45:55","date_gmt":"2017-08-19T15:45:55","guid":{"rendered":"http:\/\/elforodegares.com\/?p=2611"},"modified":"2021-07-28T19:16:10","modified_gmt":"2021-07-28T17:16:10","slug":"confiemos-en-que-no-sea-otra-metedura-de-pata-de-la-presidenta-y-del-asesor-medioambiental-de-la-mancomunidad-y-tenga-que-rectificar","status":"publish","type":"post","link":"https:\/\/elforodegares.com\/?p=2611","title":{"rendered":"CONFIEMOS EN QUE NO SEA OTRA \u00abMETEDURA DE PATA\u00bb DE LA PRESIDENTA Y DEL ASESOR MEDIOAMBIENTAL DE LA MANCOMUNIDAD Y TENGA YO QUE RECTIFICAR"},"content":{"rendered":"<p style=\"text-align: justify;\">El pasado 28 de junio ya advert\u00edamos en este Foro las consecuencias de la \u00a0Resoluci\u00f3n 107E\/2017, de 4 de mayo, del Director del Servicio de Econom\u00eda Circular y Agua, por la que quedaba prohibido el dep\u00f3sito de los residuos dom\u00e9sticos (\u201cLER 200108\u201d) de la fracci\u00f3n org\u00e1nica (\u00a1vaya los del 5\u00ba contenedor! cuyas alabanzas no deja de predicar la Mancomunidad) en las instalaciones de \u201cBio Mendi\u201d, a la que el Asesor Medioambiental, Oscar Rubio, ten\u00eda, y tiene, la buena costumbre de acudir con escolares, corporativos, etc. para que vean la correcci\u00f3n del tratamiento de tales residuos, recibiendo los \u201cparabienes\u201d al uso.<\/p>\n<p style=\"text-align: justify;\">L\u00f3gicamente, y no queriendo que se me acusara de andar siempre en contra de la Mancomunidad, remit\u00ed a \u00e9sta detalle de tal prohibici\u00f3n, solicitando, o al menos era lo que pretend\u00eda, se planteara estudiar y establecer un destino alternativo a tales residuos, m\u00e1xime considerando el cuidado del \u201cMedio Ambiente\u201d que suelen predicar los dirigentes tanto de la Mancomunidad, como de los Ayuntamientos (con especial significaci\u00f3n a determinados grupos municipales); no obstante, dos meses m\u00e1s tarde a que trasladase a la Mancomunidad mi correo, \u00a1nada ha cambiado! por lo que se siguen depositando en Mendigorr\u00eda los residuos del \u201c5\u00ba Contenedor\u201d, no habiendo tenido m\u00e1s remedio ante tan absurdo actuar contrario a cualquier pr\u00e1ctica medioambiental que poner en conocimiento del Gobierno de Navarra tal actuaci\u00f3n, confiando en que se haga caso del incumplimiento y no tener que hacerlo ante el \u201cSeprona\u201d.<\/p>\n<p style=\"text-align: justify;\">No obstante y no dudando en el buen hacer medioambiental de la Mancomunidad, ayer solicit\u00e9 \u00a0que, a trav\u00e9s de su Asesor Medioambiental, se me facilitase informaci\u00f3n sobre determinados aspectos del tratamiento de materia org\u00e1nica, de la instalaci\u00f3n de \u201cBio Mendi\u201d, del preceptivo contrato que debe existir \u201cMancomunidad-Bio Mendi\u201d, de los an\u00e1lisis peri\u00f3dicos a realizar, etc, (<strong><a href=\"http:\/\/elforodegares.com\/wp-content\/uploads\/2017\/08\/Solicitud-Informaci\u00f3n-a-Mancomunidad.pdf\">AQUI PUEDES VER LA SOLICITUD<\/a><\/strong>), confiando en que se me de respuesta urgente dada la inminente marcha del Sr. Rubio, en orden a que, viendo tal documentaci\u00f3n (ya denegada hace dos a\u00f1os!), tenga que rectificar mis comentarios en este Foro y escritos ante el Gobierno de Navarra, \u00a1ojala deba rectificar!..<\/p>\n","protected":false},"excerpt":{"rendered":"<p>El pasado 28 de junio ya advert\u00edamos en este Foro las consecuencias de la \u00a0Resoluci\u00f3n 107E\/2017, de 4 de mayo, del Director del Servicio de Econom\u00eda Circular y Agua, por la que quedaba prohibido el dep\u00f3sito de los residuos dom\u00e9sticos &hellip; <a href=\"https:\/\/elforodegares.com\/?p=2611\">Sigue leyendo <span class=\"meta-nav\">&rarr;<\/span><\/a><\/p>\n","protected":false},"author":1,"featured_media":0,"comment_status":"open","ping_status":"open","sticky":false,"template":"","format":"standard","meta":{"footnotes":""},"categories":[28,40],"tags":[],"class_list":["post-2611","post","type-post","status-publish","format-standard","hentry","category-mancomunidad-de-valdizarbe","category-medio-ambiente"],"_links":{"self":[{"href":"https:\/\/elforodegares.com\/index.php?rest_route=\/wp\/v2\/posts\/2611","targetHints":{"allow":["GET"]}}],"collection":[{"href":"https:\/\/elforodegares.com\/index.php?rest_route=\/wp\/v2\/posts"}],"about":[{"href":"https:\/\/elforodegares.com\/index.php?rest_route=\/wp\/v2\/types\/post"}],"author":[{"embeddable":true,"href":"https:\/\/elforodegares.com\/index.php?rest_route=\/wp\/v2\/users\/1"}],"replies":[{"embeddable":true,"href":"https:\/\/elforodegares.com\/index.php?rest_route=%2Fwp%2Fv2%2Fcomments&post=2611"}],"version-history":[{"count":3,"href":"https:\/\/elforodegares.com\/index.php?rest_route=\/wp\/v2\/posts\/2611\/revisions"}],"predecessor-version":[{"id":2615,"href":"https:\/\/elforodegares.com\/index.php?rest_route=\/wp\/v2\/posts\/2611\/revisions\/2615"}],"wp:attachment":[{"href":"https:\/\/elforodegares.com\/index.php?rest_route=%2Fwp%2Fv2%2Fmedia&parent=2611"}],"wp:term":[{"taxonomy":"category","embeddable":true,"href":"https:\/\/elforodegares.com\/index.php?rest_route=%2Fwp%2Fv2%2Fcategories&post=2611"},{"taxonomy":"post_tag","embeddable":true,"href":"https:\/\/elforodegares.com\/index.php?rest_route=%2Fwp%2Fv2%2Ftags&post=2611"}],"curies":[{"name":"wp","href":"https:\/\/api.w.org\/{rel}","templated":true}]}}