{"id":2645,"date":"2020-07-17T18:03:55","date_gmt":"2020-07-17T16:03:55","guid":{"rendered":"http:\/\/elforodegares.com\/?p=2645"},"modified":"2021-07-28T19:16:09","modified_gmt":"2021-07-28T17:16:09","slug":"2645","status":"publish","type":"post","link":"https:\/\/elforodegares.com\/?p=2645","title":{"rendered":"Cuando la adecuaci\u00f3n de criterios en el Ayuntamiento le hace caer en la incoherencia."},"content":{"rendered":"<p><a href=\"http:\/\/elforodegares.com\/wp-content\/uploads\/2020\/07\/Simbolo-Arga-Bizirik.jpg\"><img loading=\"lazy\" decoding=\"async\" class=\" wp-image-2644 alignleft\" src=\"http:\/\/elforodegares.com\/wp-content\/uploads\/2020\/07\/Simbolo-Arga-Bizirik-150x150.jpg\" alt=\"\" width=\"150\" height=\"150\" \/><\/a><\/p>\n<p>Lo digo teniendo a la vista una carta al director en Diario de Navarra suscrita por Daniel Garc\u00eda Mina (en representaci\u00f3n de \u201cArga Vivo-Arga Bizirik\u201d) en la que, bajo el Titulo \u00bf<em>Renaturalizar el Arga reconstruyendo presas<\/em>?, arremete contra la reconstrucci\u00f3n de una de ellas se\u00f1alando que \u201c<em>Es lamentable que los grandes esfuerzos que se est\u00e1n haciendo a lo largo de toda la geograf\u00eda navarra para recuperar nuestros maltrechos r\u00edos se vean entorpecidos por acciones como estas \u2026 \u00bfQueremos ahora deshacer la renaturalizaci\u00f3n que poco a poco se estaba creando\u00a0 en este tramo , \u2026<\/em>\u201d.<\/p>\n<p>La verdad es que creo que en Puente la Reina poco, o m\u00e1s bien nada, se hizo en esta cuesti\u00f3n, como no sea la de pasear el s\u00edmbolo de la Asociaci\u00f3n, echar cuatro gritos desacompasados en la calle, o prometer el derribo de las que estaban en construcci\u00f3n en cuanto llegase a la Alcald\u00eda (para luego decir que no era posible), presentaci\u00f3n de recursos infundados, \u00a0\u2026, \u00a1ah, bueno, y tambi\u00e9n crucificar al Secretario por hacer un Informe de correcci\u00f3n legal de la concesi\u00f3n de la Licencia de Construcci\u00f3n! Y hacerle vida imposible hasta causarle la baja m\u00e9dica.<\/p>\n<p>Me gustar\u00eda saber los motivos que tienen los que antes eran tan beligerantes con la construcci\u00f3n de presas, para guardar total silencio, ante la integraci\u00f3n del Ayuntamiento de Puente la Reina en una Cooperativa de Consumo El\u00e9ctrico que favorece la construcci\u00f3n de centrales (\u00a1con sus presas!) en los R\u00edos, o que aprueba (\u00a1por unanimidad!) un Plan Municipal que posibilita la construcci\u00f3n de m\u00e1s presas en el R\u00edo Arga a su paso por el t\u00e9rmino municipal.<\/p>\n<p>Ver para creer tan incre\u00edble incoherencia, pero bueno !todo sea por la \u201cpela\u201d!.<\/p>\n<p>Javier S\u00e1nchez-Ostiz, Exsecretario del Ayuntamiento de Puente la Reina.<\/p>\n<p>&nbsp;<\/p>\n","protected":false},"excerpt":{"rendered":"<p>Lo digo teniendo a la vista una carta al director en Diario de Navarra suscrita por Daniel Garc\u00eda Mina (en representaci\u00f3n de \u201cArga Vivo-Arga Bizirik\u201d) en la que, bajo el Titulo \u00bfRenaturalizar el Arga reconstruyendo presas?, arremete contra la reconstrucci\u00f3n &hellip; <a href=\"https:\/\/elforodegares.com\/?p=2645\">Sigue leyendo <span class=\"meta-nav\">&rarr;<\/span><\/a><\/p>\n","protected":false},"author":1,"featured_media":0,"comment_status":"open","ping_status":"open","sticky":false,"template":"","format":"standard","meta":{"footnotes":""},"categories":[40,41],"tags":[],"class_list":["post-2645","post","type-post","status-publish","format-standard","hentry","category-medio-ambiente","category-urbanismo"],"_links":{"self":[{"href":"https:\/\/elforodegares.com\/index.php?rest_route=\/wp\/v2\/posts\/2645","targetHints":{"allow":["GET"]}}],"collection":[{"href":"https:\/\/elforodegares.com\/index.php?rest_route=\/wp\/v2\/posts"}],"about":[{"href":"https:\/\/elforodegares.com\/index.php?rest_route=\/wp\/v2\/types\/post"}],"author":[{"embeddable":true,"href":"https:\/\/elforodegares.com\/index.php?rest_route=\/wp\/v2\/users\/1"}],"replies":[{"embeddable":true,"href":"https:\/\/elforodegares.com\/index.php?rest_route=%2Fwp%2Fv2%2Fcomments&post=2645"}],"version-history":[{"count":3,"href":"https:\/\/elforodegares.com\/index.php?rest_route=\/wp\/v2\/posts\/2645\/revisions"}],"predecessor-version":[{"id":2648,"href":"https:\/\/elforodegares.com\/index.php?rest_route=\/wp\/v2\/posts\/2645\/revisions\/2648"}],"wp:attachment":[{"href":"https:\/\/elforodegares.com\/index.php?rest_route=%2Fwp%2Fv2%2Fmedia&parent=2645"}],"wp:term":[{"taxonomy":"category","embeddable":true,"href":"https:\/\/elforodegares.com\/index.php?rest_route=%2Fwp%2Fv2%2Fcategories&post=2645"},{"taxonomy":"post_tag","embeddable":true,"href":"https:\/\/elforodegares.com\/index.php?rest_route=%2Fwp%2Fv2%2Ftags&post=2645"}],"curies":[{"name":"wp","href":"https:\/\/api.w.org\/{rel}","templated":true}]}}