{"id":27,"date":"2011-02-11T08:30:42","date_gmt":"2011-02-11T08:30:42","guid":{"rendered":"http:\/\/elforodegares.com\/?p=27"},"modified":"2011-02-11T08:30:42","modified_gmt":"2011-02-11T08:30:42","slug":"%c2%bfsociedad-mancomunidad-diferente-de-sociedad-municipal","status":"publish","type":"post","link":"https:\/\/elforodegares.com\/?p=27","title":{"rendered":"\u00bfSociedad Mancomunidad diferente de Sociedad Municipal?"},"content":{"rendered":"<p class=\"MsoNormal\" style=\"text-align: justify; margin: 6pt 0cm 0pt;\"><span style=\"mso-ansi-language: ES;\"><span style=\"font-size: small;\"><span style=\"font-family: Arial;\">Siendo el funcionamiento de la Sociedad Municipal anterior a su inscripci\u00f3n en el Registro Mercantil tachado de las m\u00e1s brutales quejas, curiosamente, <span style=\"mso-spacerun: yes;\">\u00a0<\/span>por las mismas personas que ostentan actualmente el cargo de Concejal y representantes en la Mancomunidad de Valdizarbe, que en su d\u00eda se vanagloriaron de hacer de ello causa contraria contra algunos miembros de la Corporaci\u00f3n y de hacer renunciar al Secretario, no llegamos a entender como en una Sociedad Mercantil creada en la Mancomunidad de Valdizarbe se han podido estar efectuando durante a\u00f1os previos a su inscripci\u00f3n en el Registro Mercantil cuantiosos gastos e inversiones sin que nadie haya dicho nada en contra.<\/span><\/span><\/span><\/p>\n<p class=\"MsoNormal\" style=\"text-align: justify; margin: 6pt 0cm 0pt;\"><span style=\"mso-ansi-language: ES;\"><span style=\"font-size: small;\"><span style=\"font-family: Arial;\">\u00bfAcaso no es la misma situaci\u00f3n? \u00bfQu\u00e9 es lo que cambia? \u00bfAcaso lo \u00fanico que cambia es que ahora ocupamos cargos en la Mancomunidad que pueden verse salpicados por la misma porquer\u00eda que nos hemos encargado de expandir nosotros mismos?<\/span><\/span><\/span><\/p>\n<p class=\"MsoNormal\" style=\"text-align: justify; margin: 6pt 0cm 0pt;\"><span style=\"mso-ansi-language: ES;\"><span style=\"font-size: small;\"><span style=\"font-family: Arial;\">Una \u00faltima pregunta: Si tan transparentes y legales somos en nuestra gesti\u00f3n y ante unos hechos como los se\u00f1alados \u00bfNo cabr\u00eda pedir la intervenci\u00f3n de la C\u00e1mara de Comptos?, \u00bfo nos da miedo ello?.<\/span><\/span><\/span><\/p>\n","protected":false},"excerpt":{"rendered":"<p>Siendo el funcionamiento de la Sociedad Municipal anterior a su inscripci\u00f3n en el Registro Mercantil tachado de las m\u00e1s brutales quejas, curiosamente, \u00a0por las mismas personas que ostentan actualmente el cargo de Concejal y representantes en la Mancomunidad de Valdizarbe, &hellip; <a href=\"https:\/\/elforodegares.com\/?p=27\">Sigue leyendo <span class=\"meta-nav\">&rarr;<\/span><\/a><\/p>\n","protected":false},"author":1,"featured_media":0,"comment_status":"open","ping_status":"open","sticky":false,"template":"","format":"standard","meta":{"footnotes":""},"categories":[1],"tags":[30,68,3,29],"class_list":["post-27","post","type-post","status-publish","format-standard","hentry","category-forestal","tag-comptos","tag-mancomunidad-de-valdizarbe","tag-secretario","tag-sociedad-municipal"],"_links":{"self":[{"href":"https:\/\/elforodegares.com\/index.php?rest_route=\/wp\/v2\/posts\/27","targetHints":{"allow":["GET"]}}],"collection":[{"href":"https:\/\/elforodegares.com\/index.php?rest_route=\/wp\/v2\/posts"}],"about":[{"href":"https:\/\/elforodegares.com\/index.php?rest_route=\/wp\/v2\/types\/post"}],"author":[{"embeddable":true,"href":"https:\/\/elforodegares.com\/index.php?rest_route=\/wp\/v2\/users\/1"}],"replies":[{"embeddable":true,"href":"https:\/\/elforodegares.com\/index.php?rest_route=%2Fwp%2Fv2%2Fcomments&post=27"}],"version-history":[{"count":2,"href":"https:\/\/elforodegares.com\/index.php?rest_route=\/wp\/v2\/posts\/27\/revisions"}],"predecessor-version":[{"id":31,"href":"https:\/\/elforodegares.com\/index.php?rest_route=\/wp\/v2\/posts\/27\/revisions\/31"}],"wp:attachment":[{"href":"https:\/\/elforodegares.com\/index.php?rest_route=%2Fwp%2Fv2%2Fmedia&parent=27"}],"wp:term":[{"taxonomy":"category","embeddable":true,"href":"https:\/\/elforodegares.com\/index.php?rest_route=%2Fwp%2Fv2%2Fcategories&post=27"},{"taxonomy":"post_tag","embeddable":true,"href":"https:\/\/elforodegares.com\/index.php?rest_route=%2Fwp%2Fv2%2Ftags&post=27"}],"curies":[{"name":"wp","href":"https:\/\/api.w.org\/{rel}","templated":true}]}}