{"id":2774,"date":"2022-11-06T19:14:09","date_gmt":"2022-11-06T17:14:09","guid":{"rendered":"http:\/\/elforodegares.com\/?p=2774"},"modified":"2022-11-07T12:20:50","modified_gmt":"2022-11-07T10:20:50","slug":"la-pobreza-mental-de-nuestro-ayuntamiento","status":"publish","type":"post","link":"https:\/\/elforodegares.com\/?p=2774","title":{"rendered":"La pobreza mental de nuestro Ayuntamiento"},"content":{"rendered":"<p>Pobreza mental, esa es la que parece que tienen en el Ayuntamiento de Puente, pues ya no solo contentos con haberme causado una\u00a0 enfermedad profesional que me llev\u00f3 \u00a0a darme de baja como abogado colegiado, llevan a tal extremo su mezquindad a arreciar con todas las v\u00edas jur\u00eddicas y ejecutivas para cobrar cantidades cuya correcci\u00f3n esta todav\u00eda por verse en los Tribunales, y no dudando para ello en ampararse en la falta de contestaci\u00f3n, \u00a1durante m\u00e1s de dos a\u00f1os!, a mi solicitud de iniciar su revisi\u00f3n, si bien veremos en que acaba todo este abuso y empleo de mentiras, pues esta pr\u00f3xima la v\u00eda penal para ellos y entonces alguien se alarmara y aun tendr\u00e1 la desfachatez de decir que les pido c\u00e1rcel, o que, incluso en el caso de los asesores, que les inhabiliten para su trabajo como funcionario.<\/p>\n<p>Y todo esto por haber tenido la osad\u00eda de aconsejar a un vecino de Puente, a quien no le hicieron ni pu\u00f1etero caso en unos asuntos relacionados tanto con el amianto causante del c\u00e1ncer de pulm\u00f3n y en el que hasta la pasividad el ayuntamiento hace que pudiera verse involucrado, como por el comportamiento municipal partidista e irregular en temas urban\u00edsticos.<\/p>\n<p>Que poco me conocen, siempre he estado y estar\u00e9 dispuesto a aconsejar a quien me pida un consejo \u00a1venga de donde venga!, como hay muchas personas, no solo en Puente, que pueden atestiguarlo.<\/p>\n<p>Por ahora no me queda otra que defenderme en el largo caminar ante los Tribunales, y emplear, despu\u00e9s de hace casi un a\u00f1o sin hacerlo, este Foro tanto para explayarme, como para publicar informaciones, avisos, \u00abchandr\u00edos\u00bb, denuncias, etc. de ese Ayuntamiento tan falto de sentido y transparencia, el mismo que me pidi\u00f3 causa penal (con C\u00e1rcel y multa) por publicar y ser titular de este Foro de Gares.<\/p>\n<p>\u00a1Atenci\u00f3n a las pr\u00f3ximas publicaciones! Creo que van a ser muy jugosas y habr\u00e1 que ver la respuesta de los sesudos corporativos, asesores y dem\u00e1s posibles pesebristas (\u00a1qui\u00e9n se d\u00e9 por aludido que coja su vela!).<\/p>\n<p>Ah\u00ed va mi aviso, y que, como dicen, \u00a1quien avisa no es traidor! y menos ante quien reacciona a impulsos ciegos, posiblemente basados en aires de revancha y venganza, \u00a1pobres esp\u00edritus quienes as\u00ed act\u00faan!.<\/p>\n<p>Javier Sanchez-Ostiz, Exsecretario del Ayuntamiento de Puente,<\/p>\n<p>&nbsp;<\/p>\n","protected":false},"excerpt":{"rendered":"<p>Pobreza mental, esa es la que parece que tienen en el Ayuntamiento de Puente, pues ya no solo contentos con haberme causado una\u00a0 enfermedad profesional que me llev\u00f3 \u00a0a darme de baja como abogado colegiado, llevan a tal extremo su &hellip; <a href=\"https:\/\/elforodegares.com\/?p=2774\">Sigue leyendo <span class=\"meta-nav\">&rarr;<\/span><\/a><\/p>\n","protected":false},"author":1,"featured_media":0,"comment_status":"closed","ping_status":"open","sticky":false,"template":"","format":"standard","meta":{"footnotes":""},"categories":[37,47],"tags":[],"class_list":["post-2774","post","type-post","status-publish","format-standard","hentry","category-alcaldia","category-personal-municipal"],"_links":{"self":[{"href":"https:\/\/elforodegares.com\/index.php?rest_route=\/wp\/v2\/posts\/2774","targetHints":{"allow":["GET"]}}],"collection":[{"href":"https:\/\/elforodegares.com\/index.php?rest_route=\/wp\/v2\/posts"}],"about":[{"href":"https:\/\/elforodegares.com\/index.php?rest_route=\/wp\/v2\/types\/post"}],"author":[{"embeddable":true,"href":"https:\/\/elforodegares.com\/index.php?rest_route=\/wp\/v2\/users\/1"}],"replies":[{"embeddable":true,"href":"https:\/\/elforodegares.com\/index.php?rest_route=%2Fwp%2Fv2%2Fcomments&post=2774"}],"version-history":[{"count":5,"href":"https:\/\/elforodegares.com\/index.php?rest_route=\/wp\/v2\/posts\/2774\/revisions"}],"predecessor-version":[{"id":2784,"href":"https:\/\/elforodegares.com\/index.php?rest_route=\/wp\/v2\/posts\/2774\/revisions\/2784"}],"wp:attachment":[{"href":"https:\/\/elforodegares.com\/index.php?rest_route=%2Fwp%2Fv2%2Fmedia&parent=2774"}],"wp:term":[{"taxonomy":"category","embeddable":true,"href":"https:\/\/elforodegares.com\/index.php?rest_route=%2Fwp%2Fv2%2Fcategories&post=2774"},{"taxonomy":"post_tag","embeddable":true,"href":"https:\/\/elforodegares.com\/index.php?rest_route=%2Fwp%2Fv2%2Ftags&post=2774"}],"curies":[{"name":"wp","href":"https:\/\/api.w.org\/{rel}","templated":true}]}}