{"id":2808,"date":"2023-02-17T20:17:50","date_gmt":"2023-02-17T18:17:50","guid":{"rendered":"http:\/\/elforodegares.com\/?p=2808"},"modified":"2023-02-18T10:58:07","modified_gmt":"2023-02-18T08:58:07","slug":"increible-la-falta-de-verguenza-de-este-ayuntamiento","status":"publish","type":"post","link":"https:\/\/elforodegares.com\/?p=2808","title":{"rendered":"Y esos son los que hablan de agilidad y transparencia de su gesti\u00f3n \u00a1\u00a1\u00a1\u00a1\u00a1\u00a1\u00a1\u00a1\u00a1"},"content":{"rendered":"\n<p>El hecho es que hoy, \u00a1despu\u00e9s de dos a\u00f1os!, la Alcald\u00eda y la secretar\u00eda se han dignado facilitarme los datos sobre celebraci\u00f3n de sesiones plenarias y de comisiones que le hab\u00eda requerido el Tribunal Administrativo que se me entregasen.<\/p>\n\n\n\n<p>Dos a\u00f1os en los que \u00a1hasta tres veces! he presentado\nsolicitudes para que dieran cumplimiento a esa Resoluci\u00f3n del Tribunal\nAdministrativo, sin que ninguna de ellas hubiese merecido contestaci\u00f3n alguna,\ny solo cuando me he dirigido al mismo Tribunal para que interviniese me han\nfacilitado la informaci\u00f3n, eso si incompleta y justo el \u00faltimo d\u00eda que les\nhab\u00edan dado de plazo para que presentaran alegaciones.<\/p>\n\n\n\n<p>Documentaci\u00f3n que necesitaba, \u00a1y ellos lo sab\u00edan!, para promover un expediente de revisi\u00f3n de actos nulos como es el de los requerimientos de reintegro de cantidades en cuyo procedimiento ya han llegado hasta el embargo de Cuentas Corrientes y de bienes inmuebles; expediente de revisi\u00f3n que promover\u00e9 la semana pr\u00f3xima, con solicitud de cuantas responsabilidades personales (\u00a1por si llegan cuando ya no est\u00e9n en el Ayuntamiento!). <\/p>\n\n\n\n<p>Y no esperen Uds. que, ante tal actuaci\u00f3n, la documentaci\u00f3n haya venido acompa\u00f1ada de una nota de disculpa, no, hombre, no, \u00a1Hasta ah\u00ed pod\u00edamos llegar! Eso no va con ellos. Si se hartan en ese ayuntamiento a pavonearse de lo transparente y \u00e1gil que es su gesti\u00f3n, \u00a1argucias, orgullo y poca verg\u00fcenza es lo que hay en ese Ayuntamiento! Ya sea del personal, ya sea del Grupo de la Alcald\u00eda, o de sus ac\u00f3litos que confunden  <br>el acuerdo con el pleno sometimiento   (\u201cAgrupaci\u00f3n Xim\u00e9nez de Rada\u201d \u00a1Qui\u00e9n os ha visto y quien os ve!) y que, como las figuras de monitos, ocupan su puesto \u00absordos, ciegos y mudos\u00bb y atentos a \u00abla voz de la Alcald\u00eda\u00bb. <\/p>\n","protected":false},"excerpt":{"rendered":"<p>El hecho es que hoy, \u00a1despu\u00e9s de dos a\u00f1os!, la Alcald\u00eda y la secretar\u00eda se han dignado facilitarme los datos sobre celebraci\u00f3n de sesiones plenarias y de comisiones que le hab\u00eda requerido el Tribunal Administrativo que se me entregasen. Dos &hellip; <a href=\"https:\/\/elforodegares.com\/?p=2808\">Sigue leyendo <span class=\"meta-nav\">&rarr;<\/span><\/a><\/p>\n","protected":false},"author":1,"featured_media":0,"comment_status":"closed","ping_status":"open","sticky":false,"template":"","format":"standard","meta":{"footnotes":""},"categories":[53,37,48,47,55],"tags":[],"class_list":["post-2808","post","type-post","status-publish","format-standard","hentry","category-agrupacion-puentesina-2","category-alcaldia","category-bildu","category-personal-municipal","category-ximenez-de-rada-2"],"_links":{"self":[{"href":"https:\/\/elforodegares.com\/index.php?rest_route=\/wp\/v2\/posts\/2808","targetHints":{"allow":["GET"]}}],"collection":[{"href":"https:\/\/elforodegares.com\/index.php?rest_route=\/wp\/v2\/posts"}],"about":[{"href":"https:\/\/elforodegares.com\/index.php?rest_route=\/wp\/v2\/types\/post"}],"author":[{"embeddable":true,"href":"https:\/\/elforodegares.com\/index.php?rest_route=\/wp\/v2\/users\/1"}],"replies":[{"embeddable":true,"href":"https:\/\/elforodegares.com\/index.php?rest_route=%2Fwp%2Fv2%2Fcomments&post=2808"}],"version-history":[{"count":2,"href":"https:\/\/elforodegares.com\/index.php?rest_route=\/wp\/v2\/posts\/2808\/revisions"}],"predecessor-version":[{"id":2811,"href":"https:\/\/elforodegares.com\/index.php?rest_route=\/wp\/v2\/posts\/2808\/revisions\/2811"}],"wp:attachment":[{"href":"https:\/\/elforodegares.com\/index.php?rest_route=%2Fwp%2Fv2%2Fmedia&parent=2808"}],"wp:term":[{"taxonomy":"category","embeddable":true,"href":"https:\/\/elforodegares.com\/index.php?rest_route=%2Fwp%2Fv2%2Fcategories&post=2808"},{"taxonomy":"post_tag","embeddable":true,"href":"https:\/\/elforodegares.com\/index.php?rest_route=%2Fwp%2Fv2%2Ftags&post=2808"}],"curies":[{"name":"wp","href":"https:\/\/api.w.org\/{rel}","templated":true}]}}