{"id":2812,"date":"2023-02-18T11:15:14","date_gmt":"2023-02-18T09:15:14","guid":{"rendered":"http:\/\/elforodegares.com\/?p=2812"},"modified":"2023-02-18T11:18:04","modified_gmt":"2023-02-18T09:18:04","slug":"dira-ya-algo-el-ayuntamiento-ante-la-publicacion-en-prensa-de-la-nulidad-del-plan-municipal-y-de-las-consecuencias-que-ello-puede-tener","status":"publish","type":"post","link":"https:\/\/elforodegares.com\/?p=2812","title":{"rendered":"\u00bfDir\u00e1 ya algo el Ayuntamiento ante la publicaci\u00f3n en prensa de la nulidad del Plan Municipal y de las consecuencias que ello puede tener?."},"content":{"rendered":"\n<h2 class=\"wp-block-heading\"><\/h2>\n\n\n\n<p>Hoy como de \u00abtapadillo\u00bb (\u00a1que diferencia de tama\u00f1o cuando el Alcalde trata de ponerse medallitas!) se publica en el Diario de Navarra la noticia atrasada de la nulidad del Plan Municipal declarada por Sentencia de 11\/octubre\/2021.<\/p>\n\n\n\n<div class=\"wp-block-image\"><figure class=\"alignleft\"><img decoding=\"async\" src=\"http:\/\/elforodegares.com\/wp-content\/uploads\/2023\/02\/image.png\" alt=\"This image has an empty alt attribute; its file name is image.png\"\/><\/figure><\/div>\n\n\n\n<p>No se llega a entender tan atrasada noticia pues no hace relaci\u00f3n alguna a la Sentencia de Casaci\u00f3n del Tribunal Supremo que, dictada en el pasado mes de diciembre, confirmo la mencionada Sentencia de. 2021.<\/p>\n\n\n\n<p>No se si con esta publicaci\u00f3n, el Ayuntamiento, la Alcald\u00eda o la famosa Comisi\u00f3n de Urbanismo (o, incluso, la de Hacienda), querr\u00e1n comunicar a los vecinos tan desagradable noticia, as\u00ed como indicar las medidas correctoras que ello conlleva, no solo en el \u00e1mbito urban\u00edstico, si no en otros varios como es por poner un simple ejemplo en el la Hacienda Municipal, y, en concreto, en la reciente Ponencia de Valoraci\u00f3n y su incidencia en la liquidaci\u00f3n del Impuesto de Bienes Inmuebles. Y \u00bfpor que no de las contrataciones y pagos duplicados al equipo redactor?<\/p>\n\n\n\n<p>Y todo por desechar orgullosamente el ofrecimiento de tener una conversaci\u00f3n conmigo, y, por el contrario, decir verdaderas barbaridades y mentiras contra m\u00ed.<\/p>\n","protected":false},"excerpt":{"rendered":"<p>Hoy como de \u00abtapadillo\u00bb (\u00a1que diferencia de tama\u00f1o cuando el Alcalde trata de ponerse medallitas!) se publica en el Diario de Navarra la noticia atrasada de la nulidad del Plan Municipal declarada por Sentencia de 11\/octubre\/2021. No se llega a &hellip; <a href=\"https:\/\/elforodegares.com\/?p=2812\">Sigue leyendo <span class=\"meta-nav\">&rarr;<\/span><\/a><\/p>\n","protected":false},"author":1,"featured_media":0,"comment_status":"closed","ping_status":"open","sticky":false,"template":"","format":"standard","meta":{"footnotes":""},"categories":[37,13,41],"tags":[],"class_list":["post-2812","post","type-post","status-publish","format-standard","hentry","category-alcaldia","category-hacienda-municipal","category-urbanismo"],"_links":{"self":[{"href":"https:\/\/elforodegares.com\/index.php?rest_route=\/wp\/v2\/posts\/2812","targetHints":{"allow":["GET"]}}],"collection":[{"href":"https:\/\/elforodegares.com\/index.php?rest_route=\/wp\/v2\/posts"}],"about":[{"href":"https:\/\/elforodegares.com\/index.php?rest_route=\/wp\/v2\/types\/post"}],"author":[{"embeddable":true,"href":"https:\/\/elforodegares.com\/index.php?rest_route=\/wp\/v2\/users\/1"}],"replies":[{"embeddable":true,"href":"https:\/\/elforodegares.com\/index.php?rest_route=%2Fwp%2Fv2%2Fcomments&post=2812"}],"version-history":[{"count":3,"href":"https:\/\/elforodegares.com\/index.php?rest_route=\/wp\/v2\/posts\/2812\/revisions"}],"predecessor-version":[{"id":2816,"href":"https:\/\/elforodegares.com\/index.php?rest_route=\/wp\/v2\/posts\/2812\/revisions\/2816"}],"wp:attachment":[{"href":"https:\/\/elforodegares.com\/index.php?rest_route=%2Fwp%2Fv2%2Fmedia&parent=2812"}],"wp:term":[{"taxonomy":"category","embeddable":true,"href":"https:\/\/elforodegares.com\/index.php?rest_route=%2Fwp%2Fv2%2Fcategories&post=2812"},{"taxonomy":"post_tag","embeddable":true,"href":"https:\/\/elforodegares.com\/index.php?rest_route=%2Fwp%2Fv2%2Ftags&post=2812"}],"curies":[{"name":"wp","href":"https:\/\/api.w.org\/{rel}","templated":true}]}}