{"id":2861,"date":"2023-08-25T10:36:14","date_gmt":"2023-08-25T08:36:14","guid":{"rendered":"http:\/\/elforodegares.com\/?p=2861"},"modified":"2023-08-25T11:08:53","modified_gmt":"2023-08-25T09:08:53","slug":"denuncian-a-valdizarbe-por-dejar-secos-200-metros-del-rio-ubagua","status":"publish","type":"post","link":"https:\/\/elforodegares.com\/?p=2861","title":{"rendered":"Denuncian a Valdizarbe por dejar secos 200 metros del r\u00edo Ubagua"},"content":{"rendered":"\n<div class=\"wp-block-image\"><figure class=\"alignleft\"><img decoding=\"async\" src=\"http:\/\/elforodegares.com\/wp-content\/uploads\/2023\/08\/image-3.png\" alt=\"La imagen tiene un atributo ALT vac\u00edo; su nombre de archivo es image-3.png\"\/><\/figure><\/div>\n\n\n\n<p>Pero en Puente la Reina, cuyas recientes Alcald\u00edas y no tan recientes y concretos Concejales (IA) siempre han demostrado un exquisito respeto e interes por el Medio Ambiente, pueden estar bien tranquilos pues, tras sesudos estudios sobre el origen del abastecimiento, nuestros gestores y t\u00e9cnicos ya establecieron, desde tiempos del buen Fildu, que Puente la Reina no se abastec\u00eda del Rio Ubagua, \u00a1si no de la lejana Cuenca de la Sierra de Alaiz!. <\/p>\n\n\n\n<p>De esta forma no solo estaba garantizado el total suministro para las actuales necesidades de Puente, si no para uno de mas del doble de su poblaci\u00f3n.<\/p>\n\n\n\n<p>O sea que \u00a1tranquilos! Y seguid confiando en tales magn\u00edficos y doctos gestores <\/p>\n\n\n\n<p>_____________________________________________________________<\/p>\n\n\n\n<p><strong>ES MEJOR Y MAS CLARA LA EXPLICACI\u00d3N A TAL ACTUACION DE LA MANCOMUNIDAD, \u00a1CON SU ASESORIA DE MEDIO AMBIENTE Y TODO!, QUE SE DESPRENDE DE LA CARTA PUBLICADA EN DIARIO DE NOTICIAS.<\/strong><\/p>\n\n\n\n<h2 class=\"wp-block-heading\"> <strong><em>Agresi\u00f3n ecol\u00f3gica al r\u00edo Ubagua <\/em><\/strong><\/h2>\n\n\n\n<p><em>Tras la aprobaci\u00f3n del nuevo plan hidrogr\u00e1fico, se ha designado caudales ecol\u00f3gicos para todas las masas de agua. En el caso del\u00a0<\/em><strong><em>r\u00edo Ubagua<\/em><\/strong><em>\u00a0y debido a la preocupaci\u00f3n social <\/em><strong><em>Hidrogr\u00e1fica del Ebro<\/em><\/strong><em>\u00a0encarg\u00f3 un estudio de h\u00e1bitats que designase unos caudales ecol\u00f3gicos que garantizasen un \u00f3ptimo desarrollo ecol\u00f3gico para todas las especies que lo habitan.<\/em><\/p>\n\n\n\n<p><em>Durante este verano estamos viendo con perplejidad c\u00f3mo desde\u00a0<\/em><strong><em>Mancomunidad de Valdizarbe<\/em><\/strong><em>\u00a0(con permiso de captaci\u00f3n en el r\u00edo Ubagua) se est\u00e1 incumpliendo este caudal ecol\u00f3gico (estando un 40% por debajo del mismo en el punto de medici\u00f3n EA85, aforo de Riezu), e incluso en el punto de captaci\u00f3n del mismo nacedero se ha procedido a una captaci\u00f3n de la totalidad de agua\u00a0<\/em><strong><em>secando 200 metros<\/em><\/strong><em>\u00a0del r\u00edo.<\/em><\/p>\n\n\n\n<p><em>Queremos denunciar esta situaci\u00f3n por el perjuicio ecol\u00f3gico que supone, m\u00e1xime cuando no se han adoptado medidas dr\u00e1sticas de limitaci\u00f3n de consumos y existiendo otras fuentes alternativas de suministro.<\/em><\/p>\n\n\n\n<p><em>*<\/em>Ana Marta Mendaza, alcaldesa del Valle de\nYerri-Deierriko Udala; Alfredo Buldain, alcalde de Riezu-Errezu;&nbsp;Daniel\nMusitu, presidente de Asociaci\u00f3n Ubaguaberpiztu-Recuperando el Ubagua, Urbizi<\/p>\n","protected":false},"excerpt":{"rendered":"<p>Pero en Puente la Reina, cuyas recientes Alcald\u00edas y no tan recientes y concretos Concejales (IA) siempre han demostrado un exquisito respeto e interes por el Medio Ambiente, pueden estar bien tranquilos pues, tras sesudos estudios sobre el origen del &hellip; <a href=\"https:\/\/elforodegares.com\/?p=2861\">Sigue leyendo <span class=\"meta-nav\">&rarr;<\/span><\/a><\/p>\n","protected":false},"author":1,"featured_media":0,"comment_status":"closed","ping_status":"open","sticky":false,"template":"","format":"standard","meta":{"footnotes":""},"categories":[28,40,1],"tags":[],"class_list":["post-2861","post","type-post","status-publish","format-standard","hentry","category-mancomunidad-de-valdizarbe","category-medio-ambiente","category-forestal"],"_links":{"self":[{"href":"https:\/\/elforodegares.com\/index.php?rest_route=\/wp\/v2\/posts\/2861","targetHints":{"allow":["GET"]}}],"collection":[{"href":"https:\/\/elforodegares.com\/index.php?rest_route=\/wp\/v2\/posts"}],"about":[{"href":"https:\/\/elforodegares.com\/index.php?rest_route=\/wp\/v2\/types\/post"}],"author":[{"embeddable":true,"href":"https:\/\/elforodegares.com\/index.php?rest_route=\/wp\/v2\/users\/1"}],"replies":[{"embeddable":true,"href":"https:\/\/elforodegares.com\/index.php?rest_route=%2Fwp%2Fv2%2Fcomments&post=2861"}],"version-history":[{"count":5,"href":"https:\/\/elforodegares.com\/index.php?rest_route=\/wp\/v2\/posts\/2861\/revisions"}],"predecessor-version":[{"id":2872,"href":"https:\/\/elforodegares.com\/index.php?rest_route=\/wp\/v2\/posts\/2861\/revisions\/2872"}],"wp:attachment":[{"href":"https:\/\/elforodegares.com\/index.php?rest_route=%2Fwp%2Fv2%2Fmedia&parent=2861"}],"wp:term":[{"taxonomy":"category","embeddable":true,"href":"https:\/\/elforodegares.com\/index.php?rest_route=%2Fwp%2Fv2%2Fcategories&post=2861"},{"taxonomy":"post_tag","embeddable":true,"href":"https:\/\/elforodegares.com\/index.php?rest_route=%2Fwp%2Fv2%2Ftags&post=2861"}],"curies":[{"name":"wp","href":"https:\/\/api.w.org\/{rel}","templated":true}]}}