{"id":2873,"date":"2023-08-28T13:14:13","date_gmt":"2023-08-28T11:14:13","guid":{"rendered":"http:\/\/elforodegares.com\/?p=2873"},"modified":"2023-08-28T13:16:10","modified_gmt":"2023-08-28T11:16:10","slug":"la-famosa-transparencia-del-ayuntamiento","status":"publish","type":"post","link":"https:\/\/elforodegares.com\/?p=2873","title":{"rendered":"LA FAMOSA TRANSPARENCIA DEL AYUNTAMIENTO"},"content":{"rendered":"\n<div class=\"wp-block-image\"><figure class=\"alignleft is-resized\"><img loading=\"lazy\" decoding=\"async\" src=\"http:\/\/elforodegares.com\/wp-content\/uploads\/2023\/08\/image-4.png\" alt=\"\" class=\"wp-image-2874\" width=\"389\" height=\"231\" srcset=\"https:\/\/elforodegares.com\/wp-content\/uploads\/2023\/08\/image-4.png 562w, https:\/\/elforodegares.com\/wp-content\/uploads\/2023\/08\/image-4-300x178.png 300w\" sizes=\"auto, (max-width: 389px) 100vw, 389px\" \/><\/figure><\/div>\n\n\n\n<p>Pues si, si consigues acceder a la Web del Ayuntamiento, podr\u00e1s comprobar, al menos, dos casos de verdadera verg\u00fcenza ajena respecto a las reiteradas afirmaciones de nuestros ediles sobre la \u201d<em>Transparencia de su gesti\u00f3n<\/em>\u201d, uno es el que <strong>el \u201cPortal de Trasparencia\u201d<\/strong>, requerido por ley y con un concreto y exhaustivo contenido, <strong>\u201cSE ENCUENTRA VAC\u00cdO\u201d<\/strong>, y el otro, pues que, seg\u00fan parece, el Ayuntamiento no ha celebrado ni un solo Pleno desde el a\u00f1o pasado (2022) pues as\u00ed se constata en las Actas Publicadas.<\/p>\n\n\n\n<p>De todas formas, estoy mas que convencido que nuestros corporativos\nseguir\u00e1n pregonando y hacienda bandera de la \u201cTransparencia\u201d y el resto o\nespa\u00f1olito medio \u00bfa tragar!<\/p>\n","protected":false},"excerpt":{"rendered":"<p>Pues si, si consigues acceder a la Web del Ayuntamiento, podr\u00e1s comprobar, al menos, dos casos de verdadera verg\u00fcenza ajena respecto a las reiteradas afirmaciones de nuestros ediles sobre la \u201dTransparencia de su gesti\u00f3n\u201d, uno es el que el \u201cPortal &hellip; <a href=\"https:\/\/elforodegares.com\/?p=2873\">Sigue leyendo <span class=\"meta-nav\">&rarr;<\/span><\/a><\/p>\n","protected":false},"author":1,"featured_media":0,"comment_status":"open","ping_status":"open","sticky":false,"template":"","format":"standard","meta":{"footnotes":""},"categories":[64,1],"tags":[],"class_list":["post-2873","post","type-post","status-publish","format-standard","hentry","category-informacion-municipal-y-general","category-forestal"],"_links":{"self":[{"href":"https:\/\/elforodegares.com\/index.php?rest_route=\/wp\/v2\/posts\/2873","targetHints":{"allow":["GET"]}}],"collection":[{"href":"https:\/\/elforodegares.com\/index.php?rest_route=\/wp\/v2\/posts"}],"about":[{"href":"https:\/\/elforodegares.com\/index.php?rest_route=\/wp\/v2\/types\/post"}],"author":[{"embeddable":true,"href":"https:\/\/elforodegares.com\/index.php?rest_route=\/wp\/v2\/users\/1"}],"replies":[{"embeddable":true,"href":"https:\/\/elforodegares.com\/index.php?rest_route=%2Fwp%2Fv2%2Fcomments&post=2873"}],"version-history":[{"count":3,"href":"https:\/\/elforodegares.com\/index.php?rest_route=\/wp\/v2\/posts\/2873\/revisions"}],"predecessor-version":[{"id":2877,"href":"https:\/\/elforodegares.com\/index.php?rest_route=\/wp\/v2\/posts\/2873\/revisions\/2877"}],"wp:attachment":[{"href":"https:\/\/elforodegares.com\/index.php?rest_route=%2Fwp%2Fv2%2Fmedia&parent=2873"}],"wp:term":[{"taxonomy":"category","embeddable":true,"href":"https:\/\/elforodegares.com\/index.php?rest_route=%2Fwp%2Fv2%2Fcategories&post=2873"},{"taxonomy":"post_tag","embeddable":true,"href":"https:\/\/elforodegares.com\/index.php?rest_route=%2Fwp%2Fv2%2Ftags&post=2873"}],"curies":[{"name":"wp","href":"https:\/\/api.w.org\/{rel}","templated":true}]}}