{"id":2959,"date":"2024-08-10T17:41:17","date_gmt":"2024-08-10T15:41:17","guid":{"rendered":"https:\/\/elforodegares.com\/?p=2959"},"modified":"2024-08-10T17:41:17","modified_gmt":"2024-08-10T15:41:17","slug":"el-ya-clasico-desinteres-de-las-sucesivas-corporaciones-municipales-respecto-al-patrimonio-municipal","status":"publish","type":"post","link":"https:\/\/elforodegares.com\/?p=2959","title":{"rendered":"EL YA CLASICO DESINTERES DE LAS SUCESIVAS CORPORACIONES MUNICIPALES RESPECTO AL PATRIMONIO MUNICIPAL"},"content":{"rendered":"\n<p>As\u00ed como daba cuenta de como hab\u00eda presentado el 19 de julio pasado una solicitud de copia de los informes que en su d\u00eda hab\u00eda elaborado sobre la titularidad municipal del Parque de c\/ San Pedro y de la ermita de Gomac\u00edn, pues es de mi inter\u00e9s el que alg\u00fan vecino o grupo se preocupe algo mas por el Patrimonio Municipal que las sucesivas Corporaciones Municipales a las que se les ha llenado la boca con aspavientos contra el Arzobispado, cuando en su mano ten\u00edan toda la documentaci\u00f3n que impedir\u00eda la inscripci\u00f3n por este.<\/p>\n\n\n\n<p>Han pasado ya todos los plazos establecidos sin que, \u00a1tal como es costumbre en ese Ayuntamiento!, se me haya dado contestaci\u00f3n alguna a lo solicitado, con lo que hoy mismo he vuelto ha reiterar mi solicitud, a la espera de que me faciliten lo solicitado, y no tenga que recurrir \u00a1una vez mas! ante el Tribunal Administrativo de Navarra.<\/p>\n\n\n\n<p>Seguir\u00e9 informando de todos los pasos que me obligan a dar en ese Ayuntamiento hasta que pueda demostrar el total desinter\u00e9s del mismo en la defensa de su Patrimonio.<\/p>\n\n\n\n<p>Y al hilo de ello, alg\u00fan d\u00eda deberemos hablar de la total falta de agradecimiento de ese Ayuntamiento tanto frente al propio Arzobispado, como ante los Corazonistas y las \u00abMonjas\u00bb en la adquisici\u00f3n de las parcelas de la Fundaci\u00f3n Mena en las que tuvieron un comportamiento de generosidad realmente admirable.<\/p>\n\n\n\n<p><\/p>\n\n\n\n<p><\/p>\n","protected":false},"excerpt":{"rendered":"<p>As\u00ed como daba cuenta de como hab\u00eda presentado el 19 de julio pasado una solicitud de copia de los informes que en su d\u00eda hab\u00eda elaborado sobre la titularidad municipal del Parque de c\/ San Pedro y de la ermita &hellip; <a href=\"https:\/\/elforodegares.com\/?p=2959\">Sigue leyendo <span class=\"meta-nav\">&rarr;<\/span><\/a><\/p>\n","protected":false},"author":1,"featured_media":0,"comment_status":"closed","ping_status":"open","sticky":false,"template":"","format":"standard","meta":{"footnotes":""},"categories":[61,58],"tags":[],"class_list":["post-2959","post","type-post","status-publish","format-standard","hentry","category-corporacion-municipal","category-patrimonio-municipal"],"_links":{"self":[{"href":"https:\/\/elforodegares.com\/index.php?rest_route=\/wp\/v2\/posts\/2959","targetHints":{"allow":["GET"]}}],"collection":[{"href":"https:\/\/elforodegares.com\/index.php?rest_route=\/wp\/v2\/posts"}],"about":[{"href":"https:\/\/elforodegares.com\/index.php?rest_route=\/wp\/v2\/types\/post"}],"author":[{"embeddable":true,"href":"https:\/\/elforodegares.com\/index.php?rest_route=\/wp\/v2\/users\/1"}],"replies":[{"embeddable":true,"href":"https:\/\/elforodegares.com\/index.php?rest_route=%2Fwp%2Fv2%2Fcomments&post=2959"}],"version-history":[{"count":1,"href":"https:\/\/elforodegares.com\/index.php?rest_route=\/wp\/v2\/posts\/2959\/revisions"}],"predecessor-version":[{"id":2960,"href":"https:\/\/elforodegares.com\/index.php?rest_route=\/wp\/v2\/posts\/2959\/revisions\/2960"}],"wp:attachment":[{"href":"https:\/\/elforodegares.com\/index.php?rest_route=%2Fwp%2Fv2%2Fmedia&parent=2959"}],"wp:term":[{"taxonomy":"category","embeddable":true,"href":"https:\/\/elforodegares.com\/index.php?rest_route=%2Fwp%2Fv2%2Fcategories&post=2959"},{"taxonomy":"post_tag","embeddable":true,"href":"https:\/\/elforodegares.com\/index.php?rest_route=%2Fwp%2Fv2%2Ftags&post=2959"}],"curies":[{"name":"wp","href":"https:\/\/api.w.org\/{rel}","templated":true}]}}