{"id":3035,"date":"2025-03-04T19:20:00","date_gmt":"2025-03-04T17:20:00","guid":{"rendered":"https:\/\/elforodegares.com\/?p=3035"},"modified":"2025-03-05T09:54:20","modified_gmt":"2025-03-05T07:54:20","slug":"in-memoriam-felix-arraiza-muro-una-gran-persona-y-un-grandisimo-amigo","status":"publish","type":"post","link":"https:\/\/elforodegares.com\/?p=3035","title":{"rendered":"\u00abIN MEMORIAM\u00bb, FELIX ARRAIZA MURO, \u00a1UNA GRAN PERSONA Y UN GRANDISIMO AMIGO!"},"content":{"rendered":"\n<p>Este para mi es un d\u00eda muy triste, d\u00e1ndole el \u00faltimo adi\u00f3s a quien en vida fue hermano, hijo y, sobre todo, amigo.<\/p>\n\n\n\n<p>Es dif\u00edcil en estos momentos asimilar la partida de una persona tan querida como lo fue Felix, Hoy la tristeza est\u00e1 invadiendo nuestros corazones y sentimos un profundo dolor, pero, estoy seguro que, poco a poco podremos sobrellevarlo hasta el momento en el que le recordaremos con mucho cari\u00f1o y sobre todo con una enorme gratitud por tantos maravillosos momentos que nos regal\u00f3, y sobre todo por lo que nos ense\u00f1\u00f3, tanto con sus palabras como con su ejemplo.<\/p>\n\n\n\n<p>Debemos desechar el posible sentimiento de arrepentimiento, tristeza o cierta culpa de haber podido hacer algo m\u00e1s por esa persona mientras estuvo viva y de este modo de repente haber evitado su partida o su fallecimiento, en la seguridad de que, a aquellos que en alguno momento le abandonaron, Felix no les guarda rencor alguno, porque \u00a1Felix no era as\u00ed!.<\/p>\n\n\n<div class=\"wp-block-image\">\n<figure class=\"alignleft size-full is-resized\"><a href=\"https:\/\/elforodegares.com\/wp-content\/uploads\/2025\/03\/image.png\"><img loading=\"lazy\" decoding=\"async\" width=\"228\" height=\"293\" src=\"https:\/\/elforodegares.com\/wp-content\/uploads\/2025\/03\/image.png\" alt=\"\" class=\"wp-image-3037\" style=\"width:220px;height:auto\"\/><\/a><\/figure><\/div>\n\n\n<p>Debemos recordar claramente los maravillosos momentos de alegr\u00eda que tuvimos con Felix, su esp\u00edritu de lucha por los dem\u00e1s, su incansable lucha por la afecci\u00f3n del amianto en toda la zona de Valdizarbe (\u00a1que no solo en Puente!), sin importarle las maledicencias, o las calificaciones oficiales de \u201cestar loco\u201d (bueno \u00e9l y quien alg\u00fan otro); porque lo que es importante y quer\u00eda transmitir y gritar era la irresponsabilidad pol\u00edtica en ese sentido y el desinter\u00e9s oficial en sacar a la luz el grave problema oncol\u00f3gico que nos acecha, esp\u00edritu desinteresado de lucha que debi\u00e9ramos aprender y animarnos a continuar su lucha.<\/p>\n\n\n\n<p>Atr\u00e1s quedan sin cumplir tantos innumerables proyectos y acciones a realizar con la gente que te quer\u00eda y quiere, \u00bfC\u00f3mo olvidar la preparaci\u00f3n de las reuniones familiares, el cari\u00f1o a sus sobrinas, los cuidados a Rosario, el apoyo constante de Eva, los raticos en ese pueblo de Soria con Justiqui a los que sacaba chispas, sus charlas con Emilio, etc.?, espero y conf\u00edo que no acaben en el olvido, si no que, cada uno de nosotros, las hagamos en su memoria, y sin que podamos olvidar todas esas acciones que hac\u00eda m\u00e1s con el coraz\u00f3n que con la l\u00f3gica, como cuando el incr\u00e9dulo que esto escribe le cuestionaba sobre la plantaci\u00f3n de mas de 60 olivos y que igual no estaba ya para cuando vi\u00e9ramos una oliva, pero el siempre dir\u00eda \u201calguien las coger\u00e1\u201d,<\/p>\n\n\n\n<p>No puedo olvidar la primera noticia que tuve del car\u00e1cter de Felix, fue de otra grand\u00edsima persona, Jos\u00e9 Mar\u00eda Izal (Montero del Gobierno de Navarra) quien despu\u00e9s de estar toda la noche juntos luchando en el incendio de Sarria, me dijo: <em>\u00a1secretario esta noche he conocido a un joven, a un trabajador de los que quedan pocos, con la entrega de este el mundo funcionaria mejor!<\/em>, \u00a1ese era Felix! Una gran persona, y un mejor amigo.<\/p>\n\n\n\n<p>FELIX, COMO TE DIJE EN EL HOSPITAL EL ULTIMO D\u00cdA \u00a1ERES UN GRAN TIO Y SOMOS MUCHOS QUIENES TE LLEVAMOS EN EL CORAZON!<\/p>\n","protected":false},"excerpt":{"rendered":"<p>Este para mi es un d\u00eda muy triste, d\u00e1ndole el \u00faltimo adi\u00f3s a quien en vida fue hermano, hijo y, sobre todo, amigo. Es dif\u00edcil en estos momentos asimilar la partida de una persona tan querida como lo fue Felix, &hellip; <a href=\"https:\/\/elforodegares.com\/?p=3035\">Sigue leyendo <span class=\"meta-nav\">&rarr;<\/span><\/a><\/p>\n","protected":false},"author":1,"featured_media":0,"comment_status":"closed","ping_status":"open","sticky":false,"template":"","format":"standard","meta":{"footnotes":""},"categories":[1],"tags":[],"class_list":["post-3035","post","type-post","status-publish","format-standard","hentry","category-forestal"],"_links":{"self":[{"href":"https:\/\/elforodegares.com\/index.php?rest_route=\/wp\/v2\/posts\/3035","targetHints":{"allow":["GET"]}}],"collection":[{"href":"https:\/\/elforodegares.com\/index.php?rest_route=\/wp\/v2\/posts"}],"about":[{"href":"https:\/\/elforodegares.com\/index.php?rest_route=\/wp\/v2\/types\/post"}],"author":[{"embeddable":true,"href":"https:\/\/elforodegares.com\/index.php?rest_route=\/wp\/v2\/users\/1"}],"replies":[{"embeddable":true,"href":"https:\/\/elforodegares.com\/index.php?rest_route=%2Fwp%2Fv2%2Fcomments&post=3035"}],"version-history":[{"count":4,"href":"https:\/\/elforodegares.com\/index.php?rest_route=\/wp\/v2\/posts\/3035\/revisions"}],"predecessor-version":[{"id":3040,"href":"https:\/\/elforodegares.com\/index.php?rest_route=\/wp\/v2\/posts\/3035\/revisions\/3040"}],"wp:attachment":[{"href":"https:\/\/elforodegares.com\/index.php?rest_route=%2Fwp%2Fv2%2Fmedia&parent=3035"}],"wp:term":[{"taxonomy":"category","embeddable":true,"href":"https:\/\/elforodegares.com\/index.php?rest_route=%2Fwp%2Fv2%2Fcategories&post=3035"},{"taxonomy":"post_tag","embeddable":true,"href":"https:\/\/elforodegares.com\/index.php?rest_route=%2Fwp%2Fv2%2Ftags&post=3035"}],"curies":[{"name":"wp","href":"https:\/\/api.w.org\/{rel}","templated":true}]}}