{"id":505,"date":"2011-07-27T18:47:14","date_gmt":"2011-07-27T16:47:14","guid":{"rendered":"http:\/\/elforodegares.com\/?p=505"},"modified":"2011-07-27T18:53:34","modified_gmt":"2011-07-27T16:53:34","slug":"505","status":"publish","type":"post","link":"https:\/\/elforodegares.com\/?p=505","title":{"rendered":"\u00bfNo es m\u00e1s duro estar en un cementerio que en la c\u00e1rcel?"},"content":{"rendered":"<pre><strong>Por CADIZ se nos remite la siguiente Entrada para su publicaci\u00f3n:<\/strong><\/pre>\n<pre><em>Articulo visto en Garesko auzalan, y visto que all\u00ed no se puede opinar ( pens\u00e9 que la libertad<\/em><\/pre>\n<pre><em>de expresi\u00f3n era uno de sus ideales), no como en paginas abiertas al ciudadano donde se puede<\/em><\/pre>\n<pre><em>expresar lo que uno quiere y no te meten la informaci\u00f3n con calzador y sin derecho a replica,<\/em><\/pre>\n<pre><em>les quiero decir que no me dan ninguna pena y que no es comparable.\r\nNo es m\u00e1s duro perder a un familiar? \u00bfNo es m\u00e1s duro estar en un cementerio que en la c\u00e1rcel?\u00bb.<\/em><\/pre>\n<pre><em>La fiscal Blanca Rodr\u00edguez contestaba as\u00ed a la denuncia de Arnaldo Otegi sobre las condiciones<\/em><\/pre>\n<pre><em>de vida en las c\u00e1rceles. Una pregunta que admite una sola respuesta: S\u00ed. S\u00ed es m\u00e1s duro perder<\/em><\/pre>\n<pre><em>un familiar. S\u00ed, es m\u00e1s duro visitar cementerios.\r\nEs posible que pueda siquiera establecerse la comparaci\u00f3n sin herir? S\u00ed, es posible. Es posible<\/em><\/pre>\n<pre><em>porque cuando contraponen muertes a presos, no lo hacen pensando en el dolor de quien perdi\u00f3 a<\/em><\/pre>\n<pre><em>un familiar tras una sesi\u00f3n de torturas, o en una carga policial, ni en el familiar que no lleg\u00f3<\/em><\/pre>\n<pre><em>a la visita porque perdi\u00f3 la vida en la carretera. Porque no lo hacen pensando en los cementerios<\/em><\/pre>\n<pre><em>que ocupan los centenares de muertos de la represi\u00f3n, ni los de la guerra sucia, ni en cu\u00e1nto m\u00e1s<\/em><\/pre>\n<pre><em>doloroso ser\u00e1 estar enterrado en cal. O \u00abperdido\u00bb en la morgue de un hospital. No lo hacen para<\/em><\/pre>\n<pre><em>que se ofrezcan respuestas, sino para seguir detentando la exclusividad del sufrimiento, para<\/em><\/pre>\n<pre><em>eludir responsabilidades, para ocultar la violencia del estado y despreciar a sus v\u00edctimas.<\/em><\/pre>\n<pre><em>Podemos hablar de v\u00edctimas, tarde o temprano tendremos que hacerlo: de todas. Cuando hablemos de<\/em><\/pre>\n<pre><em>los presos pol\u00edticos, de la dispersi\u00f3n y las condenas a perpetuidad, de presos enfermos, de<\/em><\/pre>\n<pre><em>Los que siguen encarcelados debiendo estar en libertad, de venganza, de aislamiento, pueden<\/em><\/pre>\n<pre><em>hablar si quieren de \u00ablos otros presos\u00bb. De los condenados por tortura, por el GAL, qu\u00e9 condenas<\/em><\/pre>\n<pre><em> han cumplido, en qu\u00e9 grado, en qu\u00e9 c\u00e1rceles, en qu\u00e9 situaci\u00f3n.<\/em><\/pre>\n<pre><em>Y situaremos de una vez el debate en sus justos t\u00e9rminos.<\/em><\/pre>\n<p>&nbsp;<\/p>\n","protected":false},"excerpt":{"rendered":"<p>Por CADIZ se nos remite la siguiente Entrada para su publicaci\u00f3n: Articulo visto en Garesko auzalan, y visto que all\u00ed no se puede opinar ( pens\u00e9 que la libertad de expresi\u00f3n era uno de sus ideales), no como en paginas &hellip; <a href=\"https:\/\/elforodegares.com\/?p=505\">Sigue leyendo <span class=\"meta-nav\">&rarr;<\/span><\/a><\/p>\n","protected":false},"author":1,"featured_media":0,"comment_status":"open","ping_status":"open","sticky":false,"template":"","format":"standard","meta":{"footnotes":""},"categories":[1],"tags":[],"class_list":["post-505","post","type-post","status-publish","format-standard","hentry","category-forestal"],"_links":{"self":[{"href":"https:\/\/elforodegares.com\/index.php?rest_route=\/wp\/v2\/posts\/505","targetHints":{"allow":["GET"]}}],"collection":[{"href":"https:\/\/elforodegares.com\/index.php?rest_route=\/wp\/v2\/posts"}],"about":[{"href":"https:\/\/elforodegares.com\/index.php?rest_route=\/wp\/v2\/types\/post"}],"author":[{"embeddable":true,"href":"https:\/\/elforodegares.com\/index.php?rest_route=\/wp\/v2\/users\/1"}],"replies":[{"embeddable":true,"href":"https:\/\/elforodegares.com\/index.php?rest_route=%2Fwp%2Fv2%2Fcomments&post=505"}],"version-history":[{"count":9,"href":"https:\/\/elforodegares.com\/index.php?rest_route=\/wp\/v2\/posts\/505\/revisions"}],"predecessor-version":[{"id":514,"href":"https:\/\/elforodegares.com\/index.php?rest_route=\/wp\/v2\/posts\/505\/revisions\/514"}],"wp:attachment":[{"href":"https:\/\/elforodegares.com\/index.php?rest_route=%2Fwp%2Fv2%2Fmedia&parent=505"}],"wp:term":[{"taxonomy":"category","embeddable":true,"href":"https:\/\/elforodegares.com\/index.php?rest_route=%2Fwp%2Fv2%2Fcategories&post=505"},{"taxonomy":"post_tag","embeddable":true,"href":"https:\/\/elforodegares.com\/index.php?rest_route=%2Fwp%2Fv2%2Ftags&post=505"}],"curies":[{"name":"wp","href":"https:\/\/api.w.org\/{rel}","templated":true}]}}