{"id":516,"date":"2011-07-29T09:22:20","date_gmt":"2011-07-29T07:22:20","guid":{"rendered":"http:\/\/elforodegares.com\/?p=516"},"modified":"2011-07-29T09:22:20","modified_gmt":"2011-07-29T07:22:20","slug":"desatinos-en-puente-la-reina","status":"publish","type":"post","link":"https:\/\/elforodegares.com\/?p=516","title":{"rendered":"DESATINOS EN PUENTE LA REINA"},"content":{"rendered":"<p>En Diario de Navarra de hoy (29\/Julio\/2011) se publica la siguiente Carta remitida por Myriam Latienda Urroz:<\/p>\n<p><em><strong>Desatinos en Puente la Reina.<\/strong><\/em><\/p>\n<p><em>Eso de respetar a todos, \u00a0la convivencia, \u00a0la tranquilidad, \u00a0el que todos lo pasen bien en las fiestas, \u00a0pues eso, \u00a0frases hechas y dichas que est\u00e1n huecas de voluntad y carentes de todo valor. Dos detalles para no extenderme. <\/em><\/p>\n<p><em>Se colocan las consabidas banderas (como cada a\u00f1o), de otra comunidad por todo el pueblo, con nocturnidad y a escondidas porsupuesto, \u00a0y con el benepl\u00e1cito del ayuntamiento imagino. No he visto ninguna de mi comunidad, \u00a0la navarra, encabezando ninguna calle. Con el mismo horario y alevos\u00eda, carteles de un mapa territorial, que pese a quien pese, no existe (al menos de momento), y alusiones a reos que me niego a repetir. <\/em><\/p>\n<p><em>Programa de fiestas. \u00a0El sr. Alcalde saluda en castellano y en vasco, bien, se acepta. En el final del saludo castellano se lee \u00abgora Santiago\u00bb y \u00abgora Gar\u00e9s\u00bb, en el vasco no he visto la misma incursi\u00f3n ling\u00fc\u00edstica hermanando los v\u00edtores al castellano, \u00a0es vasco y es vasco. \u00a0Sr. alcalde, en castellano es en castellano, osea, que la convivencia y respeto que pide a todos apl\u00edquesela usted y respete a los castellanos parlantes. Que soportemos s\u00edmbolos ajenos y dem\u00e1s hierbas&#8230; mira!, pero que castren e ignoren lo propio, por ah\u00ed no paso. Lea, lea aquello del C\u00e9sar y Dios, pues eso!. \u00a0Por mi parte nada m\u00e1s,y sr. alcalde, que \u00a1Viva Santiago y viva Puente la Reina!.<\/em><\/p>\n<p><em>MYRIAM LATIENDA URROZ<\/em><\/p>\n","protected":false},"excerpt":{"rendered":"<p>En Diario de Navarra de hoy (29\/Julio\/2011) se publica la siguiente Carta remitida por Myriam Latienda Urroz: Desatinos en Puente la Reina. Eso de respetar a todos, \u00a0la convivencia, \u00a0la tranquilidad, \u00a0el que todos lo pasen bien en las fiestas, &hellip; <a href=\"https:\/\/elforodegares.com\/?p=516\">Sigue leyendo <span class=\"meta-nav\">&rarr;<\/span><\/a><\/p>\n","protected":false},"author":1,"featured_media":0,"comment_status":"open","ping_status":"open","sticky":false,"template":"","format":"standard","meta":{"footnotes":""},"categories":[1],"tags":[],"class_list":["post-516","post","type-post","status-publish","format-standard","hentry","category-forestal"],"_links":{"self":[{"href":"https:\/\/elforodegares.com\/index.php?rest_route=\/wp\/v2\/posts\/516","targetHints":{"allow":["GET"]}}],"collection":[{"href":"https:\/\/elforodegares.com\/index.php?rest_route=\/wp\/v2\/posts"}],"about":[{"href":"https:\/\/elforodegares.com\/index.php?rest_route=\/wp\/v2\/types\/post"}],"author":[{"embeddable":true,"href":"https:\/\/elforodegares.com\/index.php?rest_route=\/wp\/v2\/users\/1"}],"replies":[{"embeddable":true,"href":"https:\/\/elforodegares.com\/index.php?rest_route=%2Fwp%2Fv2%2Fcomments&post=516"}],"version-history":[{"count":1,"href":"https:\/\/elforodegares.com\/index.php?rest_route=\/wp\/v2\/posts\/516\/revisions"}],"predecessor-version":[{"id":517,"href":"https:\/\/elforodegares.com\/index.php?rest_route=\/wp\/v2\/posts\/516\/revisions\/517"}],"wp:attachment":[{"href":"https:\/\/elforodegares.com\/index.php?rest_route=%2Fwp%2Fv2%2Fmedia&parent=516"}],"wp:term":[{"taxonomy":"category","embeddable":true,"href":"https:\/\/elforodegares.com\/index.php?rest_route=%2Fwp%2Fv2%2Fcategories&post=516"},{"taxonomy":"post_tag","embeddable":true,"href":"https:\/\/elforodegares.com\/index.php?rest_route=%2Fwp%2Fv2%2Ftags&post=516"}],"curies":[{"name":"wp","href":"https:\/\/api.w.org\/{rel}","templated":true}]}}