{"id":553,"date":"2011-09-21T13:25:52","date_gmt":"2011-09-21T11:25:52","guid":{"rendered":"http:\/\/elforodegares.com\/?p=553"},"modified":"2011-09-21T13:27:45","modified_gmt":"2011-09-21T11:27:45","slug":"los-cien-dias-de-gracia","status":"publish","type":"post","link":"https:\/\/elforodegares.com\/?p=553","title":{"rendered":"LOS CIEN D\u00cdAS DE GRACIA"},"content":{"rendered":"<p>\u00bfC\u00f3mo est\u00e1n ustedeeessssss&#8230;? Yo bien&#8230; O les cuento. Y Puente, con encefalograma plano, porque el que quiera novedades tendr\u00e1 que buscarlas en otra parte.<\/p>\n<p>Hoy, a la vez que despedimos el verano, despedimos el periodo de 100 d\u00edas de gracia a un nuevo gobierno, \u00a0pacto no escrito que, habitualmente, se suele respetar.<\/p>\n<p>Pasados los cien d\u00edas de gracia, la cosa est\u00e1 m\u00e1s bien paradita&#8230; pasados estos cien d\u00edas \u00a0tras la toma de posesi\u00f3n de la nueva Corporaci\u00f3n, fundamentada en el acuerdo entre Bildu y Agrupaci\u00f3n Puentesina, y por el que nuestro buen Fidel asumi\u00f3 la Alcald\u00eda, la cosa en Puente est\u00e1 m\u00e1s bien paradita, y, lo que es mas que preocupante, se empieza a notar un incremento galopante en el abandono en la Villa y en el des\u00e1nimo en los puentesinos.<\/p>\n<p>Es claro que en estos cien d\u00edas deber\u00edan, al menos, haberse producido ciertas se\u00f1ales que den muestras de que el equipo de formado por \u201cBildu y Agrupaci\u00f3n Puentesina\u201d ser\u00e1 capaz de gobernar y realizar una gesti\u00f3n eficaz; por el contrario, la preocupaci\u00f3n se acrecienta porque se constata que gran parte de la actividad municipal ordinaria est\u00e1 absolutamente paralizada.<\/p>\n<p>Por eso, a lo mejor, habr\u00e1 que pensar en revitalizar Puente, habr\u00e1 que exigir a nuestro Alcalde que, dej\u00e1ndose de preocuparse tanto por como pasar los d\u00edas, plante\u00e9 con urgencia un plan de revitalizaci\u00f3n para darle vidilla al asunto y que este pueblo no se vaya al \u201cgarete\u201d.<\/p>\n<p>Fidel \u00a1Es hora de pasar de las promesas electorales a los hechos!, \u00a0\u00a1es hora de cesar en el echar la culpa a los dem\u00e1s, a la situaci\u00f3n de crisis, a circunstancias varias que poco nos ata\u00f1en, para empezar a actuar por Puente!, \u00a1es hora, en definitiva, de ponerse a trabajar! (\u00bfno era esta la raz\u00f3n por la que os presentasteis?); y esto no ha hecho m\u00e1s que comenzar. Fidel es urgente que te pongas a trabajar, no vayamos a asistir y sufrir la posible la posible incompetencia de una Corporaci\u00f3n y evitemos decir de la misma que no est\u00e1, ni estuvo nunca, preparada para dirigir el Ayuntamiento.<\/p>\n<p>Fidel, en definitiva, no solo hay que ser consciente de la realidad, sino tambi\u00e9n consecuente, y por tanto deber\u00edan establecerse \u00a0tres premisas fundamentales para un buen gobierno:<\/p>\n<p>&#8211;\u00a0\u00a0\u00a0\u00a0\u00a0\u00a0\u00a0\u00a0\u00a0 Voluntad de decirle a los ciudadanos c\u00f3mo est\u00e1 la situaci\u00f3n<\/p>\n<p>&#8211;\u00a0\u00a0\u00a0\u00a0\u00a0\u00a0\u00a0\u00a0\u00a0 Hacer planteamientos razonables<\/p>\n<p>&#8211;\u00a0\u00a0\u00a0\u00a0\u00a0\u00a0\u00a0\u00a0\u00a0 Construir un proyecto de Puente<\/p>\n<p>Hoy, debe comenzar una nueva aventura que, espero y conf\u00edo, que os lleve a volver a gobernar en Puente y devolver, con ello, a los vecinos lo que de verdad les pertenece.<\/p>\n<p>Por nuestra parte seguiremos informando de lo poco que se nos transmite y analizaremos la gesti\u00f3n municipal con comentarios, declaraciones, actuaciones, publicaciones, etc. \u00a0anteriores.<\/p>\n","protected":false},"excerpt":{"rendered":"<p>\u00bfC\u00f3mo est\u00e1n ustedeeessssss&#8230;? Yo bien&#8230; O les cuento. Y Puente, con encefalograma plano, porque el que quiera novedades tendr\u00e1 que buscarlas en otra parte. Hoy, a la vez que despedimos el verano, despedimos el periodo de 100 d\u00edas de gracia &hellip; <a href=\"https:\/\/elforodegares.com\/?p=553\">Sigue leyendo <span class=\"meta-nav\">&rarr;<\/span><\/a><\/p>\n","protected":false},"author":1,"featured_media":0,"comment_status":"open","ping_status":"open","sticky":false,"template":"","format":"standard","meta":{"footnotes":""},"categories":[37,38],"tags":[],"class_list":["post-553","post","type-post","status-publish","format-standard","hentry","category-alcaldia","category-promesas-electorales"],"_links":{"self":[{"href":"https:\/\/elforodegares.com\/index.php?rest_route=\/wp\/v2\/posts\/553","targetHints":{"allow":["GET"]}}],"collection":[{"href":"https:\/\/elforodegares.com\/index.php?rest_route=\/wp\/v2\/posts"}],"about":[{"href":"https:\/\/elforodegares.com\/index.php?rest_route=\/wp\/v2\/types\/post"}],"author":[{"embeddable":true,"href":"https:\/\/elforodegares.com\/index.php?rest_route=\/wp\/v2\/users\/1"}],"replies":[{"embeddable":true,"href":"https:\/\/elforodegares.com\/index.php?rest_route=%2Fwp%2Fv2%2Fcomments&post=553"}],"version-history":[{"count":3,"href":"https:\/\/elforodegares.com\/index.php?rest_route=\/wp\/v2\/posts\/553\/revisions"}],"predecessor-version":[{"id":1740,"href":"https:\/\/elforodegares.com\/index.php?rest_route=\/wp\/v2\/posts\/553\/revisions\/1740"}],"wp:attachment":[{"href":"https:\/\/elforodegares.com\/index.php?rest_route=%2Fwp%2Fv2%2Fmedia&parent=553"}],"wp:term":[{"taxonomy":"category","embeddable":true,"href":"https:\/\/elforodegares.com\/index.php?rest_route=%2Fwp%2Fv2%2Fcategories&post=553"},{"taxonomy":"post_tag","embeddable":true,"href":"https:\/\/elforodegares.com\/index.php?rest_route=%2Fwp%2Fv2%2Ftags&post=553"}],"curies":[{"name":"wp","href":"https:\/\/api.w.org\/{rel}","templated":true}]}}