{"id":665,"date":"2011-10-31T15:13:04","date_gmt":"2011-10-31T13:13:04","guid":{"rendered":"http:\/\/elforodegares.com\/?p=665"},"modified":"2011-10-31T15:13:04","modified_gmt":"2011-10-31T13:13:04","slug":"bildu-vertedero-%c2%a1nunca-es-tarde-si-la-dicha-es-buena","status":"publish","type":"post","link":"https:\/\/elforodegares.com\/?p=665","title":{"rendered":"BILDU-VERTEDERO: \u00a1NUNCA ES TARDE SI LA DICHA ES BUENA!"},"content":{"rendered":"<p>Hoy, segun parece, Puente la Reina ha despertado con el escrito que ha buzoneado \u00abBildu\u00bb sobre el Vertedero de Tierras, vulgarmente llamado escombrera, y el Pliego de\u00a0Condiciones\u00a0aprobado para su explotaci\u00f3n, presuntamente propuesto por la Alcald\u00eda y su Grupo \u00abAgrupaci\u00f3n Puentesina\u00bb, lo que no llega a entenderse dados los\u00a0t\u00e9rminos\u00a0del acuerdo de legislatura suscrito por ambas formaciones.<\/p>\n<p>Sin embargo lo que si que merece la pena destacar es el hecho de que la denuncia que efect\u00faa Bildu no es nada nuevo, si no que es una\u00a0ratificaci\u00f3n de la entrada de este mismo Foro del pasado d\u00eda 11 de octubre \u00a1OTRA VEZ A VUELTAS CON LA ESCOMBRERA MUNICIPAL!.<\/p>\n<p>No deja de ser una autentica pena que este asunto del Vertedero de Residuos gestionado por la Mancomunidad se hubiese podido aclarar cuando el antiguo Secretario denuncio ante el Alcalde y el Concejal de Medio Ambiente la falta de informaci\u00f3n y de Licencia de obras para las que estaban realizando la Mancomunidad, informaci\u00f3n que, al igual que otra mucha, le fue denegada, la misma que ahora, dos a\u00f1os\u00a0despu\u00e9s, el Tribunal Administrativo obliga al Ayuntamiento a\u00a0facilit\u00e1rsela, pues \u00a1como se empiecen a pedir responsabilidades por ese mal actuar del Alcalde y determinados Concejales, me parece que va a haber m\u00e1s que un disgusto!.<\/p>\n<p>Lo mismo que si se hubiese hecho el m\u00e1s\u00a0m\u00ednimo\u00a0caso a las advertencias del antiguo Secretario de que el plazo de explotaci\u00f3n del vertedero finalizaba en el 2.000 y deb\u00eda revertir al Ayuntamiento, y va y ahora, ONCE A\u00d1OS\u00a0DESPU\u00c9S, va Bildu y dice que habr\u00eda que requerir tal reversi\u00f3n, \u00a1esto es de traca!.<\/p>\n<p>&nbsp;<\/p>\n","protected":false},"excerpt":{"rendered":"<p>Hoy, segun parece, Puente la Reina ha despertado con el escrito que ha buzoneado \u00abBildu\u00bb sobre el Vertedero de Tierras, vulgarmente llamado escombrera, y el Pliego de\u00a0Condiciones\u00a0aprobado para su explotaci\u00f3n, presuntamente propuesto por la Alcald\u00eda y su Grupo \u00abAgrupaci\u00f3n Puentesina\u00bb, &hellip; <a href=\"https:\/\/elforodegares.com\/?p=665\">Sigue leyendo <span class=\"meta-nav\">&rarr;<\/span><\/a><\/p>\n","protected":false},"author":1,"featured_media":0,"comment_status":"open","ping_status":"open","sticky":false,"template":"","format":"standard","meta":{"footnotes":""},"categories":[1],"tags":[],"class_list":["post-665","post","type-post","status-publish","format-standard","hentry","category-forestal"],"_links":{"self":[{"href":"https:\/\/elforodegares.com\/index.php?rest_route=\/wp\/v2\/posts\/665","targetHints":{"allow":["GET"]}}],"collection":[{"href":"https:\/\/elforodegares.com\/index.php?rest_route=\/wp\/v2\/posts"}],"about":[{"href":"https:\/\/elforodegares.com\/index.php?rest_route=\/wp\/v2\/types\/post"}],"author":[{"embeddable":true,"href":"https:\/\/elforodegares.com\/index.php?rest_route=\/wp\/v2\/users\/1"}],"replies":[{"embeddable":true,"href":"https:\/\/elforodegares.com\/index.php?rest_route=%2Fwp%2Fv2%2Fcomments&post=665"}],"version-history":[{"count":1,"href":"https:\/\/elforodegares.com\/index.php?rest_route=\/wp\/v2\/posts\/665\/revisions"}],"predecessor-version":[{"id":666,"href":"https:\/\/elforodegares.com\/index.php?rest_route=\/wp\/v2\/posts\/665\/revisions\/666"}],"wp:attachment":[{"href":"https:\/\/elforodegares.com\/index.php?rest_route=%2Fwp%2Fv2%2Fmedia&parent=665"}],"wp:term":[{"taxonomy":"category","embeddable":true,"href":"https:\/\/elforodegares.com\/index.php?rest_route=%2Fwp%2Fv2%2Fcategories&post=665"},{"taxonomy":"post_tag","embeddable":true,"href":"https:\/\/elforodegares.com\/index.php?rest_route=%2Fwp%2Fv2%2Ftags&post=665"}],"curies":[{"name":"wp","href":"https:\/\/api.w.org\/{rel}","templated":true}]}}