{"id":865,"date":"2012-02-12T12:00:00","date_gmt":"2012-02-12T11:00:00","guid":{"rendered":"http:\/\/elforodegares.com\/?p=865"},"modified":"2012-02-12T12:00:00","modified_gmt":"2012-02-12T11:00:00","slug":"ya-son-ganas-de-perder-el-tiempo-y-todo-por-no-reconocer-gestiones-anteriores","status":"publish","type":"post","link":"https:\/\/elforodegares.com\/?p=865","title":{"rendered":"YA SON GANAS DE PERDER EL TIEMPO, Y TODO POR NO RECONOCER GESTIONES ANTERIORES"},"content":{"rendered":"<p>Por el EXSECRETARIO se nos remite la siguiente ENTRADA para su publicaci\u00f3n:<\/p>\n<p><em>Seg\u00fan parece, el pasado viernes (10\/02\/2012) el Pleno del Ayuntamiento acord\u00f3 (eso s\u00ed, al amenos, por unanimidad) la declaraci\u00f3n de \u00abUtilidad P\u00fablica\u00bb de la implantaci\u00f3n de la Fabrica en Ererdia; olvidando (queriendo o no, \u00bfquien lo sabe?) los acuerdos que adopt\u00f3 la Corporaci\u00f3n en el mismo sentido y publicados en los Boletines Oficiales de 20\/01\/2003 (Aprobaci\u00f3n Inicial) y de 23\/07\/2003 (Aprobaci\u00f3n Definitiva), que, a continuaci\u00f3n, se reproducen, en los que si que se justifica tal declaraci\u00f3n, as\u00ed como la concreta finalidad de la misma.<\/em><\/p>\n<p><object id=\"169ce9fa-7fbe-9d50-6ef1-c0824c5803a6\" style=\"width: 420px; height: 297px;\" width=\"320\" height=\"240\" classid=\"clsid:d27cdb6e-ae6d-11cf-96b8-444553540000\" codebase=\"http:\/\/download.macromedia.com\/pub\/shockwave\/cabs\/flash\/swflash.cab#version=6,0,40,0\"><param name=\"allowfullscreen\" value=\"true\" \/><param name=\"menu\" value=\"false\" \/><param name=\"wmode\" value=\"transparent\" \/><param name=\"src\" value=\"http:\/\/static.issuu.com\/webembed\/viewers\/style1\/v2\/IssuuReader.swf\" \/><param name=\"flashvars\" value=\"mode=mini&amp;shareMenuEnabled=false&amp;printButtonEnabled=false&amp;shareButtonEnabled=false&amp;searchButtonEnabled=false&amp;backgroundColor=%23222222&amp;documentId=120212101037-13c4bb7b0519416d8ebd34dd1d8767c8\" \/><embed id=\"169ce9fa-7fbe-9d50-6ef1-c0824c5803a6\" style=\"width: 420px; height: 297px;\" width=\"320\" height=\"240\" type=\"application\/x-shockwave-flash\" src=\"http:\/\/static.issuu.com\/webembed\/viewers\/style1\/v2\/IssuuReader.swf\" allowfullscreen=\"true\" menu=\"false\" wmode=\"transparent\" flashvars=\"mode=mini&amp;shareMenuEnabled=false&amp;printButtonEnabled=false&amp;shareButtonEnabled=false&amp;searchButtonEnabled=false&amp;backgroundColor=%23222222&amp;documentId=120212101037-13c4bb7b0519416d8ebd34dd1d8767c8\" \/><\/object><\/p>\n<p><em>\u00a0Lo primero que me llama la atenci\u00f3n es la alegr\u00eda del uso del termino \u00abUtilidad P\u00fablica\u00bb que tantas veces determinados miembros y Grupos de la Corporaci\u00f3n Municipal se\u00f1alaban como totalmente incompatible con la iniciativa privada y al que, por ello, negaban cualquier legitimidad (v\u00e9ase\u00a0por ejemplo el expediente de \u00abIniciativas Energeticas\u00bb), pero bueno deberemos de decir que \u00a1de humanos es errar y de sabios el rectificar! .<\/em><\/p>\n<p><em>Lo segundo que me intriga es la posibilidad de que se hayan olvidado (\u00bf?) de tales gestiones por el mero hecho de que hubiesen sido aprobadas por anteriores Corporaciones e informadas y tramitadas por m\u00ed, en un bald\u00edo intento de querer achacarme inactividad, inoperatividad, incumplimientos, etc., no olvidemos lo se\u00f1alado por el Concejal D. Mikel Arregui (Pleno de 29\/09\/2010, al que ya no asist\u00ed por\u00a0encontrarme\u00a0de baja), por cierto admitido por todo el resto de Corporativos, achac\u00e1ndome que no hubiese realizado un informe encargado sobre el \u00abParque\u00a0Infantil\u00bb y \u00abGomacin\u00bb y su inmatriculaci\u00f3n en el Registro por el Arzobispado, \u00a0cuando tal Informe estaba ya m\u00e1s que redactado y fundamentado, habiendo sido alabada su muy buena elaboraci\u00f3n en un Pleno anterior, \u00a1lastima que las conclusiones de tal informe no fueron llevadas a la practica!, pero tal inoperatividad del documento no cabe si no achacarselo a la actuaci\u00f3n de mencionado Corporativo Sr. Arregui, quien me impidi\u00f3 seguir con las gestiones necesarias, desde luego, Sr. Arregui \u00a1hace falta valor para faltar de una forma tal evidente, cobarde y ramplona a la verdad!; de mencionado Informe y\/o documentaci\u00f3n que tampoco nadie de la anterior y\/o actual Corporaci\u00f3n se ha dignado preguntar y\/o aprovechar en orden a rectificar se\u00f1aladas inmatriculaciones incorrectas, pareciendo preferir, como en otras ocasiones, el empleo populista del griter\u00edo en la calle, que el de las razones jur\u00eddicas en la soluci\u00f3n del conflicto.<\/em><\/p>\n<p><em>Y, por ultimo, preguntaros \u00bfes tan\u00a0dif\u00edcil\u00a0preguntar?, cuando en reiteradas ocasiones me he ofrecido para aclarar situaciones, expedientes, etc. (por cierto y si les sirve de algo, el expediente de la \u00abFabrica en Ererdia\u00bb lo deje depositado en el tercer estante de la sexta estanter\u00eda del \u00abArchivo de Gesti\u00f3n\u00bb), en definitiva, ayuda en lo que pudiera; no creo que la gesti\u00f3n municipal deba regirse por la amargura y el intento de desacreditar a funcionarios y\/o corporativos anteriores.<\/em><\/p>\n<p>&nbsp;<\/p>\n","protected":false},"excerpt":{"rendered":"<p>Por el EXSECRETARIO se nos remite la siguiente ENTRADA para su publicaci\u00f3n: Seg\u00fan parece, el pasado viernes (10\/02\/2012) el Pleno del Ayuntamiento acord\u00f3 (eso s\u00ed, al amenos, por unanimidad) la declaraci\u00f3n de \u00abUtilidad P\u00fablica\u00bb de la implantaci\u00f3n de la Fabrica &hellip; <a href=\"https:\/\/elforodegares.com\/?p=865\">Sigue leyendo <span class=\"meta-nav\">&rarr;<\/span><\/a><\/p>\n","protected":false},"author":1,"featured_media":0,"comment_status":"open","ping_status":"open","sticky":false,"template":"","format":"standard","meta":{"footnotes":""},"categories":[42,49],"tags":[],"class_list":["post-865","post","type-post","status-publish","format-standard","hentry","category-futuro","category-politica"],"_links":{"self":[{"href":"https:\/\/elforodegares.com\/index.php?rest_route=\/wp\/v2\/posts\/865","targetHints":{"allow":["GET"]}}],"collection":[{"href":"https:\/\/elforodegares.com\/index.php?rest_route=\/wp\/v2\/posts"}],"about":[{"href":"https:\/\/elforodegares.com\/index.php?rest_route=\/wp\/v2\/types\/post"}],"author":[{"embeddable":true,"href":"https:\/\/elforodegares.com\/index.php?rest_route=\/wp\/v2\/users\/1"}],"replies":[{"embeddable":true,"href":"https:\/\/elforodegares.com\/index.php?rest_route=%2Fwp%2Fv2%2Fcomments&post=865"}],"version-history":[{"count":2,"href":"https:\/\/elforodegares.com\/index.php?rest_route=\/wp\/v2\/posts\/865\/revisions"}],"predecessor-version":[{"id":867,"href":"https:\/\/elforodegares.com\/index.php?rest_route=\/wp\/v2\/posts\/865\/revisions\/867"}],"wp:attachment":[{"href":"https:\/\/elforodegares.com\/index.php?rest_route=%2Fwp%2Fv2%2Fmedia&parent=865"}],"wp:term":[{"taxonomy":"category","embeddable":true,"href":"https:\/\/elforodegares.com\/index.php?rest_route=%2Fwp%2Fv2%2Fcategories&post=865"},{"taxonomy":"post_tag","embeddable":true,"href":"https:\/\/elforodegares.com\/index.php?rest_route=%2Fwp%2Fv2%2Ftags&post=865"}],"curies":[{"name":"wp","href":"https:\/\/api.w.org\/{rel}","templated":true}]}}