{"id":871,"date":"2012-02-20T18:30:16","date_gmt":"2012-02-20T17:30:16","guid":{"rendered":"http:\/\/elforodegares.com\/?p=871"},"modified":"2012-02-20T18:34:18","modified_gmt":"2012-02-20T17:34:18","slug":"la-ordenanza-del-uso-del-euskera-en-la-mancomunidad-de-valdizarbe","status":"publish","type":"post","link":"https:\/\/elforodegares.com\/?p=871","title":{"rendered":"LEGALIDAD (\u00bf?) DE LA ORDENANZA DEL USO DEL EUSKERA EN LA MANCOMUNIDAD DE VALDIZARBE"},"content":{"rendered":"<p>Javier MOLINET CARRETERO nos ha remitido Resoluci\u00f3n d<strong>el Tribunal Administrativo de Navarra dictada en Recurso <\/strong>interpuesto por \u00e9l<strong> contra la Ordenanza reguladora del uso del euskera\u00bb en <\/strong>el \u00e1mbito de<strong> la Mancomunidad de Valdizarbe,<\/strong> y por la que se<strong> declara<\/strong>n contrarios a la Ley, y por tanto<strong> nulos, determinados art\u00edculos de tal Ordenanza <\/strong>entre los que destacan<strong>:<\/strong><\/p>\n<p><strong>* Los documentos, notificaciones y comunicaciones que remita la Mancomunidad no podr\u00e1n ser biling\u00fces <\/strong>excepto cuando se dirijan a otras Administraciones de la Zona Mixta o Vascofona, pero nunca a las de la \u00abZona No Vascofona\u00bb (del \u00e1mbito de la Mancomunidad s\u00f3lo Puente est\u00e1 incluido en la \u00abZona Mixta\u00bb)<strong>.<\/strong><\/p>\n<p><strong>*\u00a0La Mancomunidad no\u00a0podr\u00e1\u00a0instar a <\/strong>todas las\u00a0Administraciones\u00a0a<strong> que las comunicaciones que se le dirijan lo sean en biling\u00fce.<\/strong><\/p>\n<p><strong>*\u00a0No podr\u00e1n ser biling\u00fces, sino redactados en Castellano:<\/strong><\/p>\n<ol>\n<li><em>Los bandos, edictos, carteles y placas informativas.<\/em><\/li>\n<li><em>Los sellos, tampones, logotipos, membretes y elementos similares.<\/em><\/li>\n<li><em>La rotulaci\u00f3n de dependencias y oficinas municipales del parque m\u00f3vil, ropas y uniformes de empleados.<\/em><\/li>\n<li><em>Los documentos y modelos que la Mancomunidad pone a disposici\u00f3n de la ciudadan\u00eda en orden a informar sobre los diferentes procedimientos administrativos.<\/em><\/li>\n<li><em>Cualquier otro medio o formato utilizado para reflejar la imagen exterior o institucional de la Mancomunidad.<\/em><\/li>\n<\/ol>\n<p><strong><em>*\u00a0<\/em>La Mancomunidad vuelve a denominarse \u00abMANCOMUNIDAD DE VALDIZARBE\u00bb <\/strong>y no la pretendida denominaci\u00f3n de \u00a0\u00ab<em>Mancomunidad de Valdizarbe-Izarbeibarko Mankomunitatea\u00bb.<\/em><\/p>\n<p>Ante ello cabe preguntarse:<\/p>\n<ul>\n<li>\u00bflos costes que suponen el cumplimiento de tal Resoluci\u00f3n (p. ej. cambio en la denominaci\u00f3n de los camiones, contenedores, ropa de trabajo, Web, rotulaciones, etc.) lo vamos a pagar entre todos los contribuyentes, o lo ser\u00e1 de los t\u00e9cnicos que se empe\u00f1aron y aconsejaron, y los\u00a0pol\u00edticos\u00a0que aprobaron, la adopci\u00f3n de tales t\u00e9rminos y medidas?<\/li>\n<li>\u00bfCual habr\u00eda sido el resultado de un Recurso si se llega a poner en contra de la Ordenanza aprobada por el Ayuntamiento?.<\/li>\n<\/ul>\n<p><em><br \/>\n<\/em><\/p>\n","protected":false},"excerpt":{"rendered":"<p>Javier MOLINET CARRETERO nos ha remitido Resoluci\u00f3n del Tribunal Administrativo de Navarra dictada en Recurso interpuesto por \u00e9l contra la Ordenanza reguladora del uso del euskera\u00bb en el \u00e1mbito de la Mancomunidad de Valdizarbe, y por la que se declaran &hellip; <a href=\"https:\/\/elforodegares.com\/?p=871\">Sigue leyendo <span class=\"meta-nav\">&rarr;<\/span><\/a><\/p>\n","protected":false},"author":1,"featured_media":0,"comment_status":"open","ping_status":"open","sticky":false,"template":"","format":"standard","meta":{"footnotes":""},"categories":[39,28,50],"tags":[],"class_list":["post-871","post","type-post","status-publish","format-standard","hentry","category-euskera","category-mancomunidad-de-valdizarbe","category-ordenanzas-municipales"],"_links":{"self":[{"href":"https:\/\/elforodegares.com\/index.php?rest_route=\/wp\/v2\/posts\/871","targetHints":{"allow":["GET"]}}],"collection":[{"href":"https:\/\/elforodegares.com\/index.php?rest_route=\/wp\/v2\/posts"}],"about":[{"href":"https:\/\/elforodegares.com\/index.php?rest_route=\/wp\/v2\/types\/post"}],"author":[{"embeddable":true,"href":"https:\/\/elforodegares.com\/index.php?rest_route=\/wp\/v2\/users\/1"}],"replies":[{"embeddable":true,"href":"https:\/\/elforodegares.com\/index.php?rest_route=%2Fwp%2Fv2%2Fcomments&post=871"}],"version-history":[{"count":4,"href":"https:\/\/elforodegares.com\/index.php?rest_route=\/wp\/v2\/posts\/871\/revisions"}],"predecessor-version":[{"id":875,"href":"https:\/\/elforodegares.com\/index.php?rest_route=\/wp\/v2\/posts\/871\/revisions\/875"}],"wp:attachment":[{"href":"https:\/\/elforodegares.com\/index.php?rest_route=%2Fwp%2Fv2%2Fmedia&parent=871"}],"wp:term":[{"taxonomy":"category","embeddable":true,"href":"https:\/\/elforodegares.com\/index.php?rest_route=%2Fwp%2Fv2%2Fcategories&post=871"},{"taxonomy":"post_tag","embeddable":true,"href":"https:\/\/elforodegares.com\/index.php?rest_route=%2Fwp%2Fv2%2Ftags&post=871"}],"curies":[{"name":"wp","href":"https:\/\/api.w.org\/{rel}","templated":true}]}}