{"id":940,"date":"2012-04-23T13:41:49","date_gmt":"2012-04-23T11:41:49","guid":{"rendered":"http:\/\/elforodegares.com\/?p=940"},"modified":"2012-04-23T13:42:06","modified_gmt":"2012-04-23T11:42:06","slug":"no-solo-al-rey-le-crecen-los-enanos-ahora-es-a-fildu-con-sus-tecnicos-%c2%a1esto-es-un-sinvivir","status":"publish","type":"post","link":"https:\/\/elforodegares.com\/?p=940","title":{"rendered":"NO SOLO AL REY LE CRECEN LOS ENANOS, AHORA ES A FILDU CON SUS T\u00c9CNICOS: \u00a1ESTO ES UN \u00abSINVIVIR\u00bb!"},"content":{"rendered":"<p>Por VIGILANTE \u00a0se nos remite la siguiente Entrada para su publicaci\u00f3n:<\/p>\n<p><em>Recientemente le\u00eda en la Web de \u201cGaresko Auzolan\u201d (Bolet\u00edn Oficial Local de Bildu-Gares) el cambio que hab\u00eda introducido el Gobierno de Navarra en la financiaci\u00f3n de los Servicios de Euskera de los Municipios, dejando de subvencionarse directamente los costes de personal, por ejemplo salario y Seguridad Social del T\u00e9cnico, para pasar a subvencionar actividades concretas.<\/em><\/p>\n<p><em>Ante esto creo que ser\u00eda bueno que el Ayuntamiento revisase los acuerdos adoptados y convocatorias de personal efectuadas, porque, y no estoy confundido, que la plaza del actual T\u00e9cnico Municipal se queda sin base legal alguna, dado que se condicionaba (Acuerdo de Pleno de Abril del 2006) toda la provisi\u00f3n de tal plaza a que se mantuviese la estructura de financiaci\u00f3n de su coste por el Gobierno de Navarra, cosa que, como se ha dicho, no sucede ya, por lo que, en buena l\u00f3gica y Ley, deber\u00eda resolverse la contrataci\u00f3n de tal T\u00e9cnico; aunque si estamos esperando el Informe de la Secretario y\/o Asesores Municipales, podemos esperar sentados para ver como convierten en legal una ilegalidad manifiesta.<\/em><\/p>\n<p><em>Creo que es un buen momento para que la Corporaci\u00f3n, en momentos de crisis tan aguda como la que estamos viviendo, se plantee unas prioridades y se deje de andar jugando y mareando la perdiz.<\/em><\/p>\n<p><em>Por otro lado, no entiendo como esta situaci\u00f3n no ha sido denunciada por el Ex-Secretario cuando es habitual su intervenci\u00f3n en este Foro, porque \u00bfno ser\u00e1 porque le une gran amistad con Kepa Colomo desde el tiempo en que trabajaron juntos? Porque si es as\u00ed para m\u00ed que ha perdido muchos de los pocos puntos que ten\u00eda a su favor.<\/em><\/p>\n","protected":false},"excerpt":{"rendered":"<p>Por VIGILANTE \u00a0se nos remite la siguiente Entrada para su publicaci\u00f3n: Recientemente le\u00eda en la Web de \u201cGaresko Auzolan\u201d (Bolet\u00edn Oficial Local de Bildu-Gares) el cambio que hab\u00eda introducido el Gobierno de Navarra en la financiaci\u00f3n de los Servicios de &hellip; <a href=\"https:\/\/elforodegares.com\/?p=940\">Sigue leyendo <span class=\"meta-nav\">&rarr;<\/span><\/a><\/p>\n","protected":false},"author":1,"featured_media":0,"comment_status":"open","ping_status":"open","sticky":false,"template":"","format":"standard","meta":{"footnotes":""},"categories":[48,39,47,1],"tags":[],"class_list":["post-940","post","type-post","status-publish","format-standard","hentry","category-bildu","category-euskera","category-personal-municipal","category-forestal"],"_links":{"self":[{"href":"https:\/\/elforodegares.com\/index.php?rest_route=\/wp\/v2\/posts\/940","targetHints":{"allow":["GET"]}}],"collection":[{"href":"https:\/\/elforodegares.com\/index.php?rest_route=\/wp\/v2\/posts"}],"about":[{"href":"https:\/\/elforodegares.com\/index.php?rest_route=\/wp\/v2\/types\/post"}],"author":[{"embeddable":true,"href":"https:\/\/elforodegares.com\/index.php?rest_route=\/wp\/v2\/users\/1"}],"replies":[{"embeddable":true,"href":"https:\/\/elforodegares.com\/index.php?rest_route=%2Fwp%2Fv2%2Fcomments&post=940"}],"version-history":[{"count":2,"href":"https:\/\/elforodegares.com\/index.php?rest_route=\/wp\/v2\/posts\/940\/revisions"}],"predecessor-version":[{"id":942,"href":"https:\/\/elforodegares.com\/index.php?rest_route=\/wp\/v2\/posts\/940\/revisions\/942"}],"wp:attachment":[{"href":"https:\/\/elforodegares.com\/index.php?rest_route=%2Fwp%2Fv2%2Fmedia&parent=940"}],"wp:term":[{"taxonomy":"category","embeddable":true,"href":"https:\/\/elforodegares.com\/index.php?rest_route=%2Fwp%2Fv2%2Fcategories&post=940"},{"taxonomy":"post_tag","embeddable":true,"href":"https:\/\/elforodegares.com\/index.php?rest_route=%2Fwp%2Fv2%2Ftags&post=940"}],"curies":[{"name":"wp","href":"https:\/\/api.w.org\/{rel}","templated":true}]}}